{"id":9648,"date":"2026-02-20T19:20:48","date_gmt":"2026-02-21T00:20:48","guid":{"rendered":"https:\/\/awishmontreal.org\/?p=9648"},"modified":"2026-03-04T22:55:29","modified_gmt":"2026-03-05T03:55:29","slug":"histoires-partagees-la-force-interieure","status":"publish","type":"post","link":"https:\/\/awishmontreal.org\/fr\/2026\/02\/20\/histoires-partagees-la-force-interieure\/","title":{"rendered":"Histoire partag\u00e9e: La force int\u00e9riuere (Chloe Guan)"},"content":{"rendered":"\t\t<div data-elementor-type=\"wp-post\" data-elementor-id=\"9648\" class=\"elementor elementor-9648 elementor-9647\" data-elementor-post-type=\"post\">\n\t\t\t\t<div class=\"elementor-element elementor-element-d7268a7 e-flex e-con-boxed e-con e-parent\" data-id=\"d7268a7\" data-element_type=\"container\" data-e-type=\"container\">\n\t\t\t\t\t<div class=\"e-con-inner\">\n\t\t\t\t<div class=\"elementor-element elementor-element-cc43061 elementor-widget elementor-widget-testimonial\" data-id=\"cc43061\" data-element_type=\"widget\" data-e-type=\"widget\" data-widget_type=\"testimonial.default\">\n\t\t\t\t<div class=\"elementor-widget-container\">\n\t\t\t\t\t\t\t<div class=\"elementor-testimonial-wrapper\">\n\t\t\t\t\t\t\t<div class=\"elementor-testimonial-content\">\u00ab Malgr\u00e9 tous les hauts et les bas de cette exp\u00e9rience, je peux maintenant consid\u00e9rer cette p\u00e9riode de ma vie comme un tournant, quelque chose qui me rappelle de garder espoir, car les bonnes choses prennent du temps. \u00bb<\/div>\n\t\t\t\n\t\t\t\t\t\t<div class=\"elementor-testimonial-meta elementor-has-image elementor-testimonial-image-position-aside\">\n\t\t\t\t<div class=\"elementor-testimonial-meta-inner\">\n\t\t\t\t\t\t\t\t\t\t\t<div class=\"elementor-testimonial-image\">\n\t\t\t\t\t\t\t<img fetchpriority=\"high\" decoding=\"async\" width=\"512\" height=\"512\" src=\"https:\/\/awishmontreal.org\/wp-content\/uploads\/2026\/03\/cropped-awish_favicon.png\" class=\"attachment-full size-full wp-image-9771\" alt=\"\" srcset=\"https:\/\/awishmontreal.org\/wp-content\/uploads\/2026\/03\/cropped-awish_favicon.png 512w, https:\/\/awishmontreal.org\/wp-content\/uploads\/2026\/03\/cropped-awish_favicon-300x300.png 300w, https:\/\/awishmontreal.org\/wp-content\/uploads\/2026\/03\/cropped-awish_favicon-150x150.png 150w\" sizes=\"(max-width: 512px) 100vw, 512px\" \/>\t\t\t\t\t\t<\/div>\n\t\t\t\t\t\n\t\t\t\t\t\t\t\t\t\t<div class=\"elementor-testimonial-details\">\n\t\t\t\t\t\t\t\t\t\t\t\t\t\t<div class=\"elementor-testimonial-name\">Chloe Guan<\/div>\n\t\t\t\t\t\t\t\t\t\t\t\t\t\t\t\t\t\t\t\t\t\t<div class=\"elementor-testimonial-job\">Auteur<\/div>\n\t\t\t\t\t\t\t\t\t\t\t\t\t<\/div>\n\t\t\t\t\t\t\t\t\t<\/div>\n\t\t\t<\/div>\n\t\t\t\t\t<\/div>\n\t\t\t\t\t\t<\/div>\n\t\t\t\t<\/div>\n\t\t\t\t<div class=\"elementor-element elementor-element-2f08fff elementor-widget-divider--view-line elementor-widget elementor-widget-divider\" data-id=\"2f08fff\" data-element_type=\"widget\" data-e-type=\"widget\" data-widget_type=\"divider.default\">\n\t\t\t\t<div class=\"elementor-widget-container\">\n\t\t\t\t\t\t\t<div class=\"elementor-divider\">\n\t\t\t<span class=\"elementor-divider-separator\">\n\t\t\t\t\t\t<\/span>\n\t\t<\/div>\n\t\t\t\t\t\t<\/div>\n\t\t\t\t<\/div>\n\t\t\t\t\t<\/div>\n\t\t\t\t<\/div>\n\t\t<div class=\"elementor-element elementor-element-fad3683 e-flex e-con-boxed e-con e-parent\" data-id=\"fad3683\" data-element_type=\"container\" data-e-type=\"container\">\n\t\t\t\t\t<div class=\"e-con-inner\">\n\t\t\t\t<div class=\"elementor-element elementor-element-e109cbe elementor-widget elementor-widget-heading\" data-id=\"e109cbe\" data-element_type=\"widget\" data-e-type=\"widget\" data-widget_type=\"heading.default\">\n\t\t\t\t<div class=\"elementor-widget-container\">\n\t\t\t\t\t<h2 class=\"elementor-heading-title elementor-size-default\">Histoire partag\u00e9e: <br> La force int\u00e9rieure<\/h2>\t\t\t\t<\/div>\n\t\t\t\t<\/div>\n\t\t\t\t<div class=\"elementor-element elementor-element-3654b7d elementor-widget elementor-widget-text-editor\" data-id=\"3654b7d\" data-element_type=\"widget\" data-e-type=\"widget\" data-widget_type=\"text-editor.default\">\n\t\t\t\t<div class=\"elementor-widget-container\">\n\t\t\t\t\t\t\t\t\t<p><strong>Par: Chloe Guan<\/strong><\/p>\t\t\t\t\t\t\t\t<\/div>\n\t\t\t\t<\/div>\n\t\t\t\t<div class=\"elementor-element elementor-element-5e76e2e elementor-widget elementor-widget-text-editor\" data-id=\"5e76e2e\" data-element_type=\"widget\" data-e-type=\"widget\" data-widget_type=\"text-editor.default\">\n\t\t\t\t<div class=\"elementor-widget-container\">\n\t\t\t\t\t\t\t\t\t<div class=\"page\" title=\"Page 5\"><div class=\"section\"><div class=\"layoutArea\"><div class=\"column\"><p>La nature humaine est fascinante. Compose\u0301e d&rsquo;un corps et d&rsquo;un esprit, elle doit apprendre a\u0300 cultiver les deux simultane\u0301ment, souvent en tentant de de\u0301fier ce que la nature semble lui imposer. Ayant grandi dans un environnement varie\u0301 et pratique\u0301 divers sports, e\u0302tre athle\u0300te e\u0301tait une partie essentielle de moi-me\u0302me, quelque chose qui m&rsquo;apportait du re\u0301confort, m&rsquo;enseignait la discipline et me poussait a\u0300 toujours aller plus loin. Cependant, les choses ont change\u0301 lorsque j&rsquo;avais quatorze ans, car j&rsquo;ai rec\u0327u un diagnostic qui e\u0301tait incompre\u0301hensible a\u0300 l&rsquo;e\u0301poque : arthrite juve\u0301nile idiopathique avec sacro-iliite. La douleur ne m&rsquo;e\u0301tait pas e\u0301trange\u0300re, du moins c&rsquo;est ce que je pensais. J&rsquo;ai rapidement compris qu&rsquo;il y avait une diffe\u0301rence entre la douleur ressentie apre\u0300s un bon entrai\u0302nement et celle ressentie sans raison particulie\u0300re. Outre une diffe\u0301rence physique notable, le plus effrayant e\u0301tait les anomalies : il n&rsquo;y avait aucune re\u0301ponse aux questions. Pourquoi devais-je soudainement faire face a\u0300 cette nouvelle maladie ? Pourquoi devais-je soudainement faire face a\u0300 cette nouvelle maladie ? Pourquoi devais-je soudainement faire face a\u0300 cette nouvelle maladie ? Il est facile de pointer du doigt et de bla\u0302mer les forces de la nature, car cela nous apporte a\u0300 tous une certaine paix. Mais que faire quand il n&rsquo;y a personne a\u0300 bla\u0302mer, quand c&rsquo;est son propre corps qui s&rsquo;attaque lui-me\u0302me ? L&rsquo;absence de raison, bien que de\u0301routante et douloureuse, m&rsquo;a appris des compe\u0301tences essentielles que je n&rsquo;aurais jamais acquises autrement : la re\u0301silience, le courage, la maturite\u0301 e\u0301motionnelle, l&rsquo;autonomie sociale et le courage de continuer a\u0300 espe\u0301rer.<\/p><div class=\"page\" title=\"Page 5\"><div class=\"section\"><div class=\"layoutArea\"><div class=\"column\"><p>A\u0300 la recherche de re\u0301ponses et n&rsquo;en trouvant aucune (d&rsquo;ou\u0300 le terme \u00ab idiopathique \u00bb), j&rsquo;ai re\u0301alise\u0301 que je n&rsquo;avais d&rsquo;autre choix que de m&rsquo;adapter a\u0300 ma nouvelle re\u0301alite\u0301, une fracture prolonge\u0301e, autrefois cache\u0301e, dans la vie que je pensais savoir naviguer. Comme Paulo Coelho l&rsquo;a e\u0301crit dans son livre L&rsquo;Alchimiste, les bateaux sont peut-e\u0302tre plus en se\u0301curite\u0301 dans le port, mais ce n&rsquo;est pas pour cela qu&rsquo;ils ont e\u0301te\u0301 conc\u0327us. En regardant autour de moi et en rassemblant les morceaux sur lesquels je pouvais encore compter avec certitude \u2013 mes amis, ma famille et moi- me\u0302me \u2013, je me suis demande\u0301e : \u00ab A\u0300 quoi suis-je destine\u0301e ? \u00bb Lorsque j&rsquo;ai re\u0301alise\u0301 que j&rsquo;aspirais a\u0300 une vie remplie d&rsquo;aventures, j&rsquo;ai re\u0301ajuste\u0301 mes voiles et je suis partie, ne faisant pas confiance aux vents qui secouaient mon navire, mais pluto\u0302t a\u0300 mes compe\u0301tences d&rsquo;exploratrice. J&rsquo;ai continue\u0301 a\u0300 jouer au volley-ball de compe\u0301tition pour l&rsquo;e\u0301quipe de mon lyce\u0301e, j&rsquo;ai contribue\u0301 a\u0300 un projet inte\u0301gratif au Cambodge et j&rsquo;ai maintenu mes contributions a\u0300 la communaute\u0301, les e\u0301tendant me\u0302me a\u0300 d&rsquo;autres domaines tels que l&rsquo;AWISH. En m&rsquo;immergeant davantage dans mon voyage d&rsquo;un mois au Cambodge, chaque jour de cette expe\u0301rience m&rsquo;a semble\u0301 e\u0302tre une lutte. La chaleur torride, les longues journe\u0301es de tournage et le travail physique intense ont clairement mis ma condition physique a\u0300 rude e\u0301preuve, et m&rsquo;inte\u0301grer a\u0300 mes paires e\u0301tait un combat que je savais difficile a\u0300 gagner. Malgre\u0301 tous les hauts et les bas de cette expe\u0301rience, je peux maintenant conside\u0301rer cette pe\u0301riode de ma vie comme un tournant, quelque chose qui me rappelle de garder espoir, car les bonnes choses prennent du temps.<\/p><p>\u00ab Fais-le quand me\u0302me \u00bb est devenu une devise que j&rsquo;applique encore aujourd&rsquo;hui. Plusieurs demandent comment j&rsquo;avais re\u0301ussi a\u0300 perse\u0301ve\u0301rer, mais il n&rsquo;y a vraiment aucun secret : il suffit de continuer a\u0300 avancer. Cela dit, soyez attentif a\u0300 votre mode de vie et sachez qu&rsquo;il est tout a\u0300 fait normal de faire une pause de temps en temps. Vous n&rsquo;e\u0302tes pas oblige\u0301 de tout faire en une seule journe\u0301e, mais vous devez continuer a\u0300 avancer pas a\u0300 pas. Souvent, les maladies rhumatismales peuvent sembler insurmontables et indescriptibles, mais c&rsquo;est en vivant votre vie de manie\u0300re authentique que vous pouvez lutter contre les pre\u0301juge\u0301s sociaux et rede\u0301finir l&rsquo;essence me\u0302me de la ve\u0301ritable nature humaine : le courage.<\/p><\/div><\/div><\/div><\/div><\/div><\/div><\/div><\/div>\t\t\t\t\t\t\t\t<\/div>\n\t\t\t\t<\/div>\n\t\t\t\t\t<\/div>\n\t\t\t\t<\/div>\n\t\t<div class=\"elementor-element elementor-element-66823fb e-flex e-con-boxed e-con e-parent\" data-id=\"66823fb\" data-element_type=\"container\" data-e-type=\"container\">\n\t\t\t\t\t<div class=\"e-con-inner\">\n\t\t\t\t<div class=\"elementor-element elementor-element-b4d1562 elementor-share-buttons--view-icon-text elementor-share-buttons--skin-gradient elementor-share-buttons--shape-square elementor-grid-0 elementor-share-buttons--color-official elementor-widget elementor-widget-share-buttons\" data-id=\"b4d1562\" data-element_type=\"widget\" data-e-type=\"widget\" data-widget_type=\"share-buttons.default\">\n\t\t\t\t<div class=\"elementor-widget-container\">\n\t\t\t\t\t\t\t<div class=\"elementor-grid\" role=\"list\">\n\t\t\t\t\t\t\t\t<div class=\"elementor-grid-item\" role=\"listitem\">\n\t\t\t\t\t\t<div class=\"elementor-share-btn elementor-share-btn_facebook\" role=\"button\" tabindex=\"0\" aria-label=\"Partager sur facebook\">\n\t\t\t\t\t\t\t\t\t\t\t\t\t\t\t<span class=\"elementor-share-btn__icon\">\n\t\t\t\t\t\t\t\t<i class=\"fab fa-facebook\" aria-hidden=\"true\"><\/i>\t\t\t\t\t\t\t<\/span>\n\t\t\t\t\t\t\t\t\t\t\t\t\t\t\t\t\t\t\t\t\t\t<div class=\"elementor-share-btn__text\">\n\t\t\t\t\t\t\t\t\t\t\t\t\t\t\t\t\t\t\t<span class=\"elementor-share-btn__title\">\n\t\t\t\t\t\t\t\t\t\tFacebook\t\t\t\t\t\t\t\t\t<\/span>\n\t\t\t\t\t\t\t\t\t\t\t\t\t\t\t\t\t<\/div>\n\t\t\t\t\t\t\t\t\t\t\t\t\t<\/div>\n\t\t\t\t\t<\/div>\n\t\t\t\t\t\t\t\t\t<div class=\"elementor-grid-item\" role=\"listitem\">\n\t\t\t\t\t\t<div class=\"elementor-share-btn elementor-share-btn_x-twitter\" role=\"button\" tabindex=\"0\" aria-label=\"Partager sur x-twitter\">\n\t\t\t\t\t\t\t\t\t\t\t\t\t\t\t<span class=\"elementor-share-btn__icon\">\n\t\t\t\t\t\t\t\t<i class=\"fab fa-x-twitter\" aria-hidden=\"true\"><\/i>\t\t\t\t\t\t\t<\/span>\n\t\t\t\t\t\t\t\t\t\t\t\t\t\t\t\t\t\t\t\t\t\t<div class=\"elementor-share-btn__text\">\n\t\t\t\t\t\t\t\t\t\t\t\t\t\t\t\t\t\t\t<span class=\"elementor-share-btn__title\">\n\t\t\t\t\t\t\t\t\t\tX\t\t\t\t\t\t\t\t\t<\/span>\n\t\t\t\t\t\t\t\t\t\t\t\t\t\t\t\t\t<\/div>\n\t\t\t\t\t\t\t\t\t\t\t\t\t<\/div>\n\t\t\t\t\t<\/div>\n\t\t\t\t\t\t\t\t\t<div class=\"elementor-grid-item\" role=\"listitem\">\n\t\t\t\t\t\t<div class=\"elementor-share-btn elementor-share-btn_linkedin\" role=\"button\" tabindex=\"0\" aria-label=\"Partager sur linkedin\">\n\t\t\t\t\t\t\t\t\t\t\t\t\t\t\t<span class=\"elementor-share-btn__icon\">\n\t\t\t\t\t\t\t\t<i class=\"fab fa-linkedin\" aria-hidden=\"true\"><\/i>\t\t\t\t\t\t\t<\/span>\n\t\t\t\t\t\t\t\t\t\t\t\t\t\t\t\t\t\t\t\t\t\t<div class=\"elementor-share-btn__text\">\n\t\t\t\t\t\t\t\t\t\t\t\t\t\t\t\t\t\t\t<span class=\"elementor-share-btn__title\">\n\t\t\t\t\t\t\t\t\t\tLinkedIn\t\t\t\t\t\t\t\t\t<\/span>\n\t\t\t\t\t\t\t\t\t\t\t\t\t\t\t\t\t<\/div>\n\t\t\t\t\t\t\t\t\t\t\t\t\t<\/div>\n\t\t\t\t\t<\/div>\n\t\t\t\t\t\t\t\t\t<div class=\"elementor-grid-item\" role=\"listitem\">\n\t\t\t\t\t\t<div class=\"elementor-share-btn elementor-share-btn_email\" role=\"button\" tabindex=\"0\" aria-label=\"Partager sur email\">\n\t\t\t\t\t\t\t\t\t\t\t\t\t\t\t<span class=\"elementor-share-btn__icon\">\n\t\t\t\t\t\t\t\t<i class=\"fas fa-envelope\" aria-hidden=\"true\"><\/i>\t\t\t\t\t\t\t<\/span>\n\t\t\t\t\t\t\t\t\t\t\t\t\t\t\t\t\t\t\t\t\t\t<div class=\"elementor-share-btn__text\">\n\t\t\t\t\t\t\t\t\t\t\t\t\t\t\t\t\t\t\t<span class=\"elementor-share-btn__title\">\n\t\t\t\t\t\t\t\t\t\tCourriel\t\t\t\t\t\t\t\t\t<\/span>\n\t\t\t\t\t\t\t\t\t\t\t\t\t\t\t\t\t<\/div>\n\t\t\t\t\t\t\t\t\t\t\t\t\t<\/div>\n\t\t\t\t\t<\/div>\n\t\t\t\t\t\t\t\t\t<div class=\"elementor-grid-item\" role=\"listitem\">\n\t\t\t\t\t\t<div class=\"elementor-share-btn elementor-share-btn_print\" role=\"button\" tabindex=\"0\" aria-label=\"Partager sur print\">\n\t\t\t\t\t\t\t\t\t\t\t\t\t\t\t<span class=\"elementor-share-btn__icon\">\n\t\t\t\t\t\t\t\t<i class=\"fas fa-print\" aria-hidden=\"true\"><\/i>\t\t\t\t\t\t\t<\/span>\n\t\t\t\t\t\t\t\t\t\t\t\t\t\t\t\t\t\t\t\t\t\t<div class=\"elementor-share-btn__text\">\n\t\t\t\t\t\t\t\t\t\t\t\t\t\t\t\t\t\t\t<span class=\"elementor-share-btn__title\">\n\t\t\t\t\t\t\t\t\t\tImprimer\t\t\t\t\t\t\t\t\t<\/span>\n\t\t\t\t\t\t\t\t\t\t\t\t\t\t\t\t\t<\/div>\n\t\t\t\t\t\t\t\t\t\t\t\t\t<\/div>\n\t\t\t\t\t<\/div>\n\t\t\t\t\t\t<\/div>\n\t\t\t\t\t\t<\/div>\n\t\t\t\t<\/div>\n\t\t\t\t<div class=\"elementor-element elementor-element-6fc4063 elementor-widget-divider--view-line elementor-widget elementor-widget-divider\" data-id=\"6fc4063\" data-element_type=\"widget\" data-e-type=\"widget\" data-widget_type=\"divider.default\">\n\t\t\t\t<div class=\"elementor-widget-container\">\n\t\t\t\t\t\t\t<div class=\"elementor-divider\">\n\t\t\t<span class=\"elementor-divider-separator\">\n\t\t\t\t\t\t<\/span>\n\t\t<\/div>\n\t\t\t\t\t\t<\/div>\n\t\t\t\t<\/div>\n\t\t\t\t\t<\/div>\n\t\t\t\t<\/div>\n\t\t<div class=\"elementor-element elementor-element-2e92eb6 e-flex e-con-boxed e-con e-parent\" data-id=\"2e92eb6\" data-element_type=\"container\" data-e-type=\"container\">\n\t\t\t\t\t<div class=\"e-con-inner\">\n\t\t\t\t<div class=\"elementor-element elementor-element-6d560bc elementor-align-center elementor-widget elementor-widget-button\" data-id=\"6d560bc\" data-element_type=\"widget\" data-e-type=\"widget\" data-widget_type=\"button.default\">\n\t\t\t\t<div class=\"elementor-widget-container\">\n\t\t\t\t\t\t\t\t\t<div class=\"elementor-button-wrapper\">\n\t\t\t\t\t<a class=\"elementor-button elementor-button-link elementor-size-sm\" href=\"#\">\n\t\t\t\t\t\t<span class=\"elementor-button-content-wrapper\">\n\t\t\t\t\t\t\t\t\t<span class=\"elementor-button-text\">PARTAGEZ VOTRE HISTOIRE<\/span>\n\t\t\t\t\t<\/span>\n\t\t\t\t\t<\/a>\n\t\t\t\t<\/div>\n\t\t\t\t\t\t\t\t<\/div>\n\t\t\t\t<\/div>\n\t\t\t\t\t<\/div>\n\t\t\t\t<\/div>\n\t\t<div class=\"elementor-element elementor-element-e4e70fe e-flex e-con-boxed e-con e-parent\" data-id=\"e4e70fe\" data-element_type=\"container\" data-e-type=\"container\">\n\t\t\t\t\t<div class=\"e-con-inner\">\n\t\t\t\t<div class=\"elementor-element elementor-element-18cdebc elementor-widget elementor-widget-text-editor\" data-id=\"18cdebc\" data-element_type=\"widget\" data-e-type=\"widget\" data-widget_type=\"text-editor.default\">\n\t\t\t\t<div class=\"elementor-widget-container\">\n\t\t\t\t\t\t\t\t\t<p><strong><a href=\"https:\/\/awishmontreal.org\/fr\/contact\/\">Contactez-nous !<\/a><\/strong><\/p>\t\t\t\t\t\t\t\t<\/div>\n\t\t\t\t<\/div>\n\t\t\t\t\t<\/div>\n\t\t\t\t<\/div>\n\t\t\t\t<\/div>\n\t\t","protected":false},"excerpt":{"rendered":"<p>\u00c0 l&rsquo;\u00e2ge de quatorze ans, un diagnostic d&rsquo;arthrite juv\u00e9nile idiopathique avec sacro-iliite laisse Chloe face \u00e0 de nombreuses questions et craintes avant de finalement trouver le courage et la motivation n\u00e9cessaires pour aller de l&rsquo;avant et continuer \u00e0 poursuivre ses r\u00eaves. L&rsquo;autonomie sociale, la r\u00e9silience et la pers\u00e9v\u00e9rance ont permis \u00e0 Chloe d&rsquo;affronter le monde et de garder espoir, car les bonnes choses prennent du temps.<\/p>\n","protected":false},"author":1,"featured_media":9688,"comment_status":"closed","ping_status":"closed","sticky":false,"template":"","format":"standard","meta":{"give_campaign_id":0,"site-sidebar-layout":"default","site-content-layout":"","ast-site-content-layout":"default","site-content-style":"default","site-sidebar-style":"default","ast-global-header-display":"","ast-banner-title-visibility":"","ast-main-header-display":"","ast-hfb-above-header-display":"","ast-hfb-below-header-display":"","ast-hfb-mobile-header-display":"","site-post-title":"","ast-breadcrumbs-content":"","ast-featured-img":"","footer-sml-layout":"","ast-disable-related-posts":"","theme-transparent-header-meta":"","adv-header-id-meta":"","stick-header-meta":"","header-above-stick-meta":"","header-main-stick-meta":"","header-below-stick-meta":"","astra-migrate-meta-layouts":"default","ast-page-background-enabled":"default","ast-page-background-meta":{"desktop":{"background-color":"","background-image":"","background-repeat":"repeat","background-position":"center center","background-size":"auto","background-attachment":"scroll","background-type":"","background-media":"","overlay-type":"","overlay-color":"","overlay-opacity":"","overlay-gradient":""},"tablet":{"background-color":"","background-image":"","background-repeat":"repeat","background-position":"center center","background-size":"auto","background-attachment":"scroll","background-type":"","background-media":"","overlay-type":"","overlay-color":"","overlay-opacity":"","overlay-gradient":""},"mobile":{"background-color":"","background-image":"","background-repeat":"repeat","background-position":"center center","background-size":"auto","background-attachment":"scroll","background-type":"","background-media":"","overlay-type":"","overlay-color":"","overlay-opacity":"","overlay-gradient":""}},"ast-content-background-meta":{"desktop":{"background-color":"var(--ast-global-color-5)","background-image":"","background-repeat":"repeat","background-position":"center center","background-size":"auto","background-attachment":"scroll","background-type":"","background-media":"","overlay-type":"","overlay-color":"","overlay-opacity":"","overlay-gradient":""},"tablet":{"background-color":"var(--ast-global-color-5)","background-image":"","background-repeat":"repeat","background-position":"center center","background-size":"auto","background-attachment":"scroll","background-type":"","background-media":"","overlay-type":"","overlay-color":"","overlay-opacity":"","overlay-gradient":""},"mobile":{"background-color":"var(--ast-global-color-5)","background-image":"","background-repeat":"repeat","background-position":"center center","background-size":"auto","background-attachment":"scroll","background-type":"","background-media":"","overlay-type":"","overlay-color":"","overlay-opacity":"","overlay-gradient":""}},"footnotes":""},"categories":[29],"tags":[],"class_list":["post-9648","post","type-post","status-publish","format-standard","has-post-thumbnail","hentry","category-histoires-partagees"],"yoast_head":"<!-- This site is optimized with the Yoast SEO plugin v27.3 - https:\/\/yoast.com\/product\/yoast-seo-wordpress\/ -->\n<title>Histoire partag\u00e9e: La force int\u00e9riuere (Chloe Guan) - AWISH<\/title>\n<meta name=\"robots\" content=\"index, follow, max-snippet:-1, max-image-preview:large, max-video-preview:-1\" \/>\n<link rel=\"canonical\" href=\"https:\/\/awishmontreal.org\/fr\/2026\/02\/20\/histoires-partagees-la-force-interieure\/\" \/>\n<meta property=\"og:locale\" content=\"fr_FR\" \/>\n<meta property=\"og:type\" content=\"article\" \/>\n<meta property=\"og:title\" content=\"Histoire partag\u00e9e: La force int\u00e9riuere (Chloe Guan) - AWISH\" \/>\n<meta property=\"og:description\" content=\"\u00c0 l&#039;\u00e2ge de quatorze ans, un diagnostic d&#039;arthrite juv\u00e9nile idiopathique avec sacro-iliite laisse Chloe face \u00e0 de nombreuses questions et craintes avant de finalement trouver le courage et la motivation n\u00e9cessaires pour aller de l&#039;avant et continuer \u00e0 poursuivre ses r\u00eaves. L&#039;autonomie sociale, la r\u00e9silience et la pers\u00e9v\u00e9rance ont permis \u00e0 Chloe d&#039;affronter le monde et de garder espoir, car les bonnes choses prennent du temps.\" \/>\n<meta property=\"og:url\" content=\"https:\/\/awishmontreal.org\/fr\/2026\/02\/20\/histoires-partagees-la-force-interieure\/\" \/>\n<meta property=\"og:site_name\" content=\"AWISH\" \/>\n<meta property=\"article:publisher\" content=\"https:\/\/www.facebook.com\/profile.php?id=100069131421005&amp;ref=hl\" \/>\n<meta property=\"article:published_time\" content=\"2026-02-21T00:20:48+00:00\" \/>\n<meta property=\"article:modified_time\" content=\"2026-03-05T03:55:29+00:00\" \/>\n<meta property=\"og:image\" content=\"https:\/\/awishmontreal.org\/wp-content\/uploads\/2026\/03\/AWISH-Icon-Shared-Story-FR.png\" \/>\n\t<meta property=\"og:image:width\" content=\"900\" \/>\n\t<meta property=\"og:image:height\" content=\"900\" \/>\n\t<meta property=\"og:image:type\" content=\"image\/png\" \/>\n<meta name=\"author\" content=\"awish\" \/>\n<meta name=\"twitter:card\" content=\"summary_large_image\" \/>\n<meta name=\"twitter:label1\" content=\"\u00c9crit par\" \/>\n\t<meta name=\"twitter:data1\" content=\"awish\" \/>\n\t<meta name=\"twitter:label2\" content=\"Dur\u00e9e de lecture estim\u00e9e\" \/>\n\t<meta name=\"twitter:data2\" content=\"4 minutes\" \/>\n<script type=\"application\/ld+json\" class=\"yoast-schema-graph\">{\"@context\":\"https:\\\/\\\/schema.org\",\"@graph\":[{\"@type\":\"Article\",\"@id\":\"https:\\\/\\\/awishmontreal.org\\\/fr\\\/2026\\\/02\\\/20\\\/histoires-partagees-la-force-interieure\\\/#article\",\"isPartOf\":{\"@id\":\"https:\\\/\\\/awishmontreal.org\\\/fr\\\/2026\\\/02\\\/20\\\/histoires-partagees-la-force-interieure\\\/\"},\"author\":{\"name\":\"awish\",\"@id\":\"https:\\\/\\\/awishmontreal.org\\\/#\\\/schema\\\/person\\\/5238f57b86ff974da6d3765834e95054\"},\"headline\":\"Histoire partag\u00e9e: La force int\u00e9riuere (Chloe Guan)\",\"datePublished\":\"2026-02-21T00:20:48+00:00\",\"dateModified\":\"2026-03-05T03:55:29+00:00\",\"mainEntityOfPage\":{\"@id\":\"https:\\\/\\\/awishmontreal.org\\\/fr\\\/2026\\\/02\\\/20\\\/histoires-partagees-la-force-interieure\\\/\"},\"wordCount\":825,\"publisher\":{\"@id\":\"https:\\\/\\\/awishmontreal.org\\\/#organization\"},\"image\":{\"@id\":\"https:\\\/\\\/awishmontreal.org\\\/fr\\\/2026\\\/02\\\/20\\\/histoires-partagees-la-force-interieure\\\/#primaryimage\"},\"thumbnailUrl\":\"https:\\\/\\\/awishmontreal.org\\\/wp-content\\\/uploads\\\/2026\\\/03\\\/AWISH-Icon-Shared-Story-FR.png\",\"articleSection\":[\"Histoires partag\u00e9es\"],\"inLanguage\":\"fr-FR\"},{\"@type\":\"WebPage\",\"@id\":\"https:\\\/\\\/awishmontreal.org\\\/fr\\\/2026\\\/02\\\/20\\\/histoires-partagees-la-force-interieure\\\/\",\"url\":\"https:\\\/\\\/awishmontreal.org\\\/fr\\\/2026\\\/02\\\/20\\\/histoires-partagees-la-force-interieure\\\/\",\"name\":\"Histoire partag\u00e9e: La force int\u00e9riuere (Chloe Guan) - AWISH\",\"isPartOf\":{\"@id\":\"https:\\\/\\\/awishmontreal.org\\\/#website\"},\"primaryImageOfPage\":{\"@id\":\"https:\\\/\\\/awishmontreal.org\\\/fr\\\/2026\\\/02\\\/20\\\/histoires-partagees-la-force-interieure\\\/#primaryimage\"},\"image\":{\"@id\":\"https:\\\/\\\/awishmontreal.org\\\/fr\\\/2026\\\/02\\\/20\\\/histoires-partagees-la-force-interieure\\\/#primaryimage\"},\"thumbnailUrl\":\"https:\\\/\\\/awishmontreal.org\\\/wp-content\\\/uploads\\\/2026\\\/03\\\/AWISH-Icon-Shared-Story-FR.png\",\"datePublished\":\"2026-02-21T00:20:48+00:00\",\"dateModified\":\"2026-03-05T03:55:29+00:00\",\"breadcrumb\":{\"@id\":\"https:\\\/\\\/awishmontreal.org\\\/fr\\\/2026\\\/02\\\/20\\\/histoires-partagees-la-force-interieure\\\/#breadcrumb\"},\"inLanguage\":\"fr-FR\",\"potentialAction\":[{\"@type\":\"ReadAction\",\"target\":[\"https:\\\/\\\/awishmontreal.org\\\/fr\\\/2026\\\/02\\\/20\\\/histoires-partagees-la-force-interieure\\\/\"]}]},{\"@type\":\"ImageObject\",\"inLanguage\":\"fr-FR\",\"@id\":\"https:\\\/\\\/awishmontreal.org\\\/fr\\\/2026\\\/02\\\/20\\\/histoires-partagees-la-force-interieure\\\/#primaryimage\",\"url\":\"https:\\\/\\\/awishmontreal.org\\\/wp-content\\\/uploads\\\/2026\\\/03\\\/AWISH-Icon-Shared-Story-FR.png\",\"contentUrl\":\"https:\\\/\\\/awishmontreal.org\\\/wp-content\\\/uploads\\\/2026\\\/03\\\/AWISH-Icon-Shared-Story-FR.png\",\"width\":900,\"height\":900},{\"@type\":\"BreadcrumbList\",\"@id\":\"https:\\\/\\\/awishmontreal.org\\\/fr\\\/2026\\\/02\\\/20\\\/histoires-partagees-la-force-interieure\\\/#breadcrumb\",\"itemListElement\":[{\"@type\":\"ListItem\",\"position\":1,\"name\":\"Home\",\"item\":\"https:\\\/\\\/awishmontreal.org\\\/\"},{\"@type\":\"ListItem\",\"position\":2,\"name\":\"Histoire partag\u00e9e: La force int\u00e9riuere (Chloe Guan)\"}]},{\"@type\":\"WebSite\",\"@id\":\"https:\\\/\\\/awishmontreal.org\\\/#website\",\"url\":\"https:\\\/\\\/awishmontreal.org\\\/\",\"name\":\"AWISH\",\"description\":\"\",\"publisher\":{\"@id\":\"https:\\\/\\\/awishmontreal.org\\\/#organization\"},\"potentialAction\":[{\"@type\":\"SearchAction\",\"target\":{\"@type\":\"EntryPoint\",\"urlTemplate\":\"https:\\\/\\\/awishmontreal.org\\\/?s={search_term_string}\"},\"query-input\":{\"@type\":\"PropertyValueSpecification\",\"valueRequired\":true,\"valueName\":\"search_term_string\"}}],\"inLanguage\":\"fr-FR\"},{\"@type\":\"Organization\",\"@id\":\"https:\\\/\\\/awishmontreal.org\\\/#organization\",\"name\":\"AWISH\",\"url\":\"https:\\\/\\\/awishmontreal.org\\\/\",\"logo\":{\"@type\":\"ImageObject\",\"inLanguage\":\"fr-FR\",\"@id\":\"https:\\\/\\\/awishmontreal.org\\\/#\\\/schema\\\/logo\\\/image\\\/\",\"url\":\"https:\\\/\\\/awishmontreal.org\\\/wp-content\\\/uploads\\\/2023\\\/10\\\/cropped-FCP_LOGO_approved_rev-e1698357534241-1.png\",\"contentUrl\":\"https:\\\/\\\/awishmontreal.org\\\/wp-content\\\/uploads\\\/2023\\\/10\\\/cropped-FCP_LOGO_approved_rev-e1698357534241-1.png\",\"width\":602,\"height\":285,\"caption\":\"AWISH\"},\"image\":{\"@id\":\"https:\\\/\\\/awishmontreal.org\\\/#\\\/schema\\\/logo\\\/image\\\/\"},\"sameAs\":[\"https:\\\/\\\/www.facebook.com\\\/profile.php?id=100069131421005&ref=hl\"]},{\"@type\":\"Person\",\"@id\":\"https:\\\/\\\/awishmontreal.org\\\/#\\\/schema\\\/person\\\/5238f57b86ff974da6d3765834e95054\",\"name\":\"awish\",\"image\":{\"@type\":\"ImageObject\",\"inLanguage\":\"fr-FR\",\"@id\":\"https:\\\/\\\/secure.gravatar.com\\\/avatar\\\/4d664c83d6c4d839e8f85d6197df97fbb5128b034b94b8264997d62c60e0bd66?s=96&d=mm&r=g\",\"url\":\"https:\\\/\\\/secure.gravatar.com\\\/avatar\\\/4d664c83d6c4d839e8f85d6197df97fbb5128b034b94b8264997d62c60e0bd66?s=96&d=mm&r=g\",\"contentUrl\":\"https:\\\/\\\/secure.gravatar.com\\\/avatar\\\/4d664c83d6c4d839e8f85d6197df97fbb5128b034b94b8264997d62c60e0bd66?s=96&d=mm&r=g\",\"caption\":\"awish\"},\"sameAs\":[\"https:\\\/\\\/awishmontreal.org\"],\"url\":\"https:\\\/\\\/awishmontreal.org\\\/fr\\\/author\\\/awish\\\/\"}]}<\/script>\n<!-- \/ Yoast SEO plugin. -->","yoast_head_json":{"title":"Histoire partag\u00e9e: La force int\u00e9riuere (Chloe Guan) - AWISH","robots":{"index":"index","follow":"follow","max-snippet":"max-snippet:-1","max-image-preview":"max-image-preview:large","max-video-preview":"max-video-preview:-1"},"canonical":"https:\/\/awishmontreal.org\/fr\/2026\/02\/20\/histoires-partagees-la-force-interieure\/","og_locale":"fr_FR","og_type":"article","og_title":"Histoire partag\u00e9e: La force int\u00e9riuere (Chloe Guan) - AWISH","og_description":"\u00c0 l'\u00e2ge de quatorze ans, un diagnostic d'arthrite juv\u00e9nile idiopathique avec sacro-iliite laisse Chloe face \u00e0 de nombreuses questions et craintes avant de finalement trouver le courage et la motivation n\u00e9cessaires pour aller de l'avant et continuer \u00e0 poursuivre ses r\u00eaves. L'autonomie sociale, la r\u00e9silience et la pers\u00e9v\u00e9rance ont permis \u00e0 Chloe d'affronter le monde et de garder espoir, car les bonnes choses prennent du temps.","og_url":"https:\/\/awishmontreal.org\/fr\/2026\/02\/20\/histoires-partagees-la-force-interieure\/","og_site_name":"AWISH","article_publisher":"https:\/\/www.facebook.com\/profile.php?id=100069131421005&ref=hl","article_published_time":"2026-02-21T00:20:48+00:00","article_modified_time":"2026-03-05T03:55:29+00:00","og_image":[{"width":900,"height":900,"url":"https:\/\/awishmontreal.org\/wp-content\/uploads\/2026\/03\/AWISH-Icon-Shared-Story-FR.png","type":"image\/png"}],"author":"awish","twitter_card":"summary_large_image","twitter_misc":{"\u00c9crit par":"awish","Dur\u00e9e de lecture estim\u00e9e":"4 minutes"},"schema":{"@context":"https:\/\/schema.org","@graph":[{"@type":"Article","@id":"https:\/\/awishmontreal.org\/fr\/2026\/02\/20\/histoires-partagees-la-force-interieure\/#article","isPartOf":{"@id":"https:\/\/awishmontreal.org\/fr\/2026\/02\/20\/histoires-partagees-la-force-interieure\/"},"author":{"name":"awish","@id":"https:\/\/awishmontreal.org\/#\/schema\/person\/5238f57b86ff974da6d3765834e95054"},"headline":"Histoire partag\u00e9e: La force int\u00e9riuere (Chloe Guan)","datePublished":"2026-02-21T00:20:48+00:00","dateModified":"2026-03-05T03:55:29+00:00","mainEntityOfPage":{"@id":"https:\/\/awishmontreal.org\/fr\/2026\/02\/20\/histoires-partagees-la-force-interieure\/"},"wordCount":825,"publisher":{"@id":"https:\/\/awishmontreal.org\/#organization"},"image":{"@id":"https:\/\/awishmontreal.org\/fr\/2026\/02\/20\/histoires-partagees-la-force-interieure\/#primaryimage"},"thumbnailUrl":"https:\/\/awishmontreal.org\/wp-content\/uploads\/2026\/03\/AWISH-Icon-Shared-Story-FR.png","articleSection":["Histoires partag\u00e9es"],"inLanguage":"fr-FR"},{"@type":"WebPage","@id":"https:\/\/awishmontreal.org\/fr\/2026\/02\/20\/histoires-partagees-la-force-interieure\/","url":"https:\/\/awishmontreal.org\/fr\/2026\/02\/20\/histoires-partagees-la-force-interieure\/","name":"Histoire partag\u00e9e: La force int\u00e9riuere (Chloe Guan) - AWISH","isPartOf":{"@id":"https:\/\/awishmontreal.org\/#website"},"primaryImageOfPage":{"@id":"https:\/\/awishmontreal.org\/fr\/2026\/02\/20\/histoires-partagees-la-force-interieure\/#primaryimage"},"image":{"@id":"https:\/\/awishmontreal.org\/fr\/2026\/02\/20\/histoires-partagees-la-force-interieure\/#primaryimage"},"thumbnailUrl":"https:\/\/awishmontreal.org\/wp-content\/uploads\/2026\/03\/AWISH-Icon-Shared-Story-FR.png","datePublished":"2026-02-21T00:20:48+00:00","dateModified":"2026-03-05T03:55:29+00:00","breadcrumb":{"@id":"https:\/\/awishmontreal.org\/fr\/2026\/02\/20\/histoires-partagees-la-force-interieure\/#breadcrumb"},"inLanguage":"fr-FR","potentialAction":[{"@type":"ReadAction","target":["https:\/\/awishmontreal.org\/fr\/2026\/02\/20\/histoires-partagees-la-force-interieure\/"]}]},{"@type":"ImageObject","inLanguage":"fr-FR","@id":"https:\/\/awishmontreal.org\/fr\/2026\/02\/20\/histoires-partagees-la-force-interieure\/#primaryimage","url":"https:\/\/awishmontreal.org\/wp-content\/uploads\/2026\/03\/AWISH-Icon-Shared-Story-FR.png","contentUrl":"https:\/\/awishmontreal.org\/wp-content\/uploads\/2026\/03\/AWISH-Icon-Shared-Story-FR.png","width":900,"height":900},{"@type":"BreadcrumbList","@id":"https:\/\/awishmontreal.org\/fr\/2026\/02\/20\/histoires-partagees-la-force-interieure\/#breadcrumb","itemListElement":[{"@type":"ListItem","position":1,"name":"Home","item":"https:\/\/awishmontreal.org\/"},{"@type":"ListItem","position":2,"name":"Histoire partag\u00e9e: La force int\u00e9riuere (Chloe Guan)"}]},{"@type":"WebSite","@id":"https:\/\/awishmontreal.org\/#website","url":"https:\/\/awishmontreal.org\/","name":"AWISH","description":"","publisher":{"@id":"https:\/\/awishmontreal.org\/#organization"},"potentialAction":[{"@type":"SearchAction","target":{"@type":"EntryPoint","urlTemplate":"https:\/\/awishmontreal.org\/?s={search_term_string}"},"query-input":{"@type":"PropertyValueSpecification","valueRequired":true,"valueName":"search_term_string"}}],"inLanguage":"fr-FR"},{"@type":"Organization","@id":"https:\/\/awishmontreal.org\/#organization","name":"AWISH","url":"https:\/\/awishmontreal.org\/","logo":{"@type":"ImageObject","inLanguage":"fr-FR","@id":"https:\/\/awishmontreal.org\/#\/schema\/logo\/image\/","url":"https:\/\/awishmontreal.org\/wp-content\/uploads\/2023\/10\/cropped-FCP_LOGO_approved_rev-e1698357534241-1.png","contentUrl":"https:\/\/awishmontreal.org\/wp-content\/uploads\/2023\/10\/cropped-FCP_LOGO_approved_rev-e1698357534241-1.png","width":602,"height":285,"caption":"AWISH"},"image":{"@id":"https:\/\/awishmontreal.org\/#\/schema\/logo\/image\/"},"sameAs":["https:\/\/www.facebook.com\/profile.php?id=100069131421005&ref=hl"]},{"@type":"Person","@id":"https:\/\/awishmontreal.org\/#\/schema\/person\/5238f57b86ff974da6d3765834e95054","name":"awish","image":{"@type":"ImageObject","inLanguage":"fr-FR","@id":"https:\/\/secure.gravatar.com\/avatar\/4d664c83d6c4d839e8f85d6197df97fbb5128b034b94b8264997d62c60e0bd66?s=96&d=mm&r=g","url":"https:\/\/secure.gravatar.com\/avatar\/4d664c83d6c4d839e8f85d6197df97fbb5128b034b94b8264997d62c60e0bd66?s=96&d=mm&r=g","contentUrl":"https:\/\/secure.gravatar.com\/avatar\/4d664c83d6c4d839e8f85d6197df97fbb5128b034b94b8264997d62c60e0bd66?s=96&d=mm&r=g","caption":"awish"},"sameAs":["https:\/\/awishmontreal.org"],"url":"https:\/\/awishmontreal.org\/fr\/author\/awish\/"}]}},"_links":{"self":[{"href":"https:\/\/awishmontreal.org\/fr\/wp-json\/wp\/v2\/posts\/9648","targetHints":{"allow":["GET"]}}],"collection":[{"href":"https:\/\/awishmontreal.org\/fr\/wp-json\/wp\/v2\/posts"}],"about":[{"href":"https:\/\/awishmontreal.org\/fr\/wp-json\/wp\/v2\/types\/post"}],"author":[{"embeddable":true,"href":"https:\/\/awishmontreal.org\/fr\/wp-json\/wp\/v2\/users\/1"}],"replies":[{"embeddable":true,"href":"https:\/\/awishmontreal.org\/fr\/wp-json\/wp\/v2\/comments?post=9648"}],"version-history":[{"count":18,"href":"https:\/\/awishmontreal.org\/fr\/wp-json\/wp\/v2\/posts\/9648\/revisions"}],"predecessor-version":[{"id":9802,"href":"https:\/\/awishmontreal.org\/fr\/wp-json\/wp\/v2\/posts\/9648\/revisions\/9802"}],"wp:featuredmedia":[{"embeddable":true,"href":"https:\/\/awishmontreal.org\/fr\/wp-json\/wp\/v2\/media\/9688"}],"wp:attachment":[{"href":"https:\/\/awishmontreal.org\/fr\/wp-json\/wp\/v2\/media?parent=9648"}],"wp:term":[{"taxonomy":"category","embeddable":true,"href":"https:\/\/awishmontreal.org\/fr\/wp-json\/wp\/v2\/categories?post=9648"},{"taxonomy":"post_tag","embeddable":true,"href":"https:\/\/awishmontreal.org\/fr\/wp-json\/wp\/v2\/tags?post=9648"}],"curies":[{"name":"wp","href":"https:\/\/api.w.org\/{rel}","templated":true}]}}