{"id":8495,"date":"2025-05-22T10:54:05","date_gmt":"2025-05-22T14:54:05","guid":{"rendered":"https:\/\/awishmontreal.org\/?p=8495"},"modified":"2025-05-26T16:58:48","modified_gmt":"2025-05-26T20:58:48","slug":"aga-dawish-15-juin-2025","status":"publish","type":"post","link":"https:\/\/awishmontreal.org\/fr\/2025\/05\/22\/aga-dawish-15-juin-2025\/","title":{"rendered":"AGA d&rsquo;AWISH 15 juin 2025"},"content":{"rendered":"\t\t<div data-elementor-type=\"wp-post\" data-elementor-id=\"8495\" class=\"elementor elementor-8495 elementor-8494\" data-elementor-post-type=\"post\">\n\t\t\t\t<div class=\"elementor-element elementor-element-d7268a7 e-flex e-con-boxed e-con e-parent\" data-id=\"d7268a7\" data-element_type=\"container\" data-e-type=\"container\">\n\t\t\t\t\t<div class=\"e-con-inner\">\n\t\t\t\t<div class=\"elementor-element elementor-element-6a28a160 elementor-widget elementor-widget-text-editor\" data-id=\"6a28a160\" data-element_type=\"widget\" data-e-type=\"widget\" data-widget_type=\"text-editor.default\">\n\t\t\t\t<div class=\"elementor-widget-container\">\n\t\t\t\t\t\t\t\t\t<p><span style=\"color: #0000ff;\"><strong>AGA 2025 d&rsquo;AWISH &#8211; rejoignez-nous !<\/strong><\/span><\/p><p style=\"margin-bottom: 12.0pt;\"><strong>Dimanche 15 juin 2025<br \/>13h30<\/strong> (portes ouvertes)<\/p><p><strong>Centre communautaire Sarto-Desnoyers<br \/><\/strong>1335 Chem. Bord-du-Lac-Lakeshore Dorval H9S 2E5<\/p><div class=\"page\" title=\"Page 3\"><div class=\"section\"><div class=\"layoutArea\"><div class=\"column\"><p><span style=\"color: #0000ff;\"><strong>AGENDA<\/strong><\/span><\/p><ol><li><p>Appel \u00e0 l&rsquo;ordre (\u00e0 14h00)<\/p><\/li><li><p>Approbation de l&rsquo;ordre du jour<\/p><\/li><li><p>Approbation du proc\u00e8s-verbal du 9 juin 2024<\/p><\/li><li><p>Rapport du tr\u00e9sorier<\/p><\/li><li><p>Nomination d&rsquo;un comptable<\/p><\/li><li><p>Rapport de la Pr\u00e9sidente<\/p><\/li><li><p>Rapport du comit\u00e9 de nomination et \u00e9lection des membres du conseil d&rsquo;administration<\/p><\/li><li><p>P\u00e9riode de questions<\/p><\/li><li><p>Lev\u00e9e de la s\u00e9ance (pause caf\u00e9)<\/p><\/li><\/ol><\/div><\/div><\/div><\/div><p><strong><br \/><span style=\"color: #0000ff;\">KIOSQUES D&rsquo;INFORMATION COMMUNAUTAIRES (13h30 +)<\/span><\/strong><\/p><div class=\"page\" title=\"Page 3\"><div class=\"section\"><div class=\"layoutArea\"><div class=\"column\"><p>&#8211; AWISH (L&rsquo;association d&rsquo;entraide de l&rsquo;Ouest de l&rsquo;\u00cele de Montr\u00e9al \/ Arthritis West Island Self Help Association)<\/p><\/div><\/div><\/div><\/div><p style=\"font-weight: 400;\">&#8211; CRC (Le Centre de ressources communautaires de l\u2019Ouest-de-l\u2019\u00cele \/ West Island Community Resource Center)<\/p><p style=\"font-weight: 400;\">&#8211; Le centre option-pr\u00e9vention T.V.D.S (Toxicomanie, Violence, D\u00e9linquance et Sant\u00e9 mentale\/Suicide)<\/p><p>&#8211; PCSM\/CPMH (Perspective Communautaire en Sant\u00e9 Mentale \/ Community Perspective in Mental Health)<\/p><p>&#8211; Fondation Somnolence Canada \/ Somnolence Canada Foundation<\/p><p>&#8211; Inkwell Journaling (Helene Brunet)<\/p><p>&#8211; Amis de la sant\u00e9 mentale \/ Friends for Mental Health<\/p><p><span style=\"color: #0000ff;\"><strong>PR\u00c9SENTATION SP\u00c9CIALE (14h45)<\/strong><\/span><br \/><em>La fibromyalgie n&rsquo;est plus un diagnostic de Cendrillon<\/em><br \/>Conf\u00e9renci\u00e8re invit\u00e9e : Dre Mary-Ann Fitzcharles<\/p>\t\t\t\t\t\t\t\t<\/div>\n\t\t\t\t<\/div>\n\t\t\t\t\t<\/div>\n\t\t\t\t<\/div>\n\t\t<div class=\"elementor-element elementor-element-fad3683 e-flex e-con-boxed e-con e-parent\" data-id=\"fad3683\" data-element_type=\"container\" data-e-type=\"container\">\n\t\t\t\t\t<div class=\"e-con-inner\">\n\t\t\t\t<div class=\"elementor-element elementor-element-e88216b elementor-align-center elementor-widget elementor-widget-button\" data-id=\"e88216b\" data-element_type=\"widget\" data-e-type=\"widget\" data-widget_type=\"button.default\">\n\t\t\t\t<div class=\"elementor-widget-container\">\n\t\t\t\t\t\t\t\t\t<div class=\"elementor-button-wrapper\">\n\t\t\t\t\t<a class=\"elementor-button elementor-button-link elementor-size-sm\" href=\"https:\/\/awishmontreal.org\/wp-content\/uploads\/2025\/05\/AWISH-AGM-2025-poster-_-June-15-2025-sm-v2.png\" target=\"_blank\">\n\t\t\t\t\t\t<span class=\"elementor-button-content-wrapper\">\n\t\t\t\t\t\t\t\t\t<span class=\"elementor-button-text\">VOIR L'AFFICHE DE L'\u00c9V\u00c9NEMENT<\/span>\n\t\t\t\t\t<\/span>\n\t\t\t\t\t<\/a>\n\t\t\t\t<\/div>\n\t\t\t\t\t\t\t\t<\/div>\n\t\t\t\t<\/div>\n\t\t\t\t\t<\/div>\n\t\t\t\t<\/div>\n\t\t\t\t<\/div>\n\t\t","protected":false},"excerpt":{"rendered":"<p>Visitez l&rsquo;AGA d&rsquo;AWISH (y compris le conf\u00e9renciere invit\u00e9e et les kiosques d&rsquo;information de la communaut\u00e9) &#8211; nous avons h\u00e2te de vous voir !<\/p>\n","protected":false},"author":1,"featured_media":8219,"comment_status":"closed","ping_status":"closed","sticky":false,"template":"","format":"standard","meta":{"give_campaign_id":0,"site-sidebar-layout":"default","site-content-layout":"","ast-site-content-layout":"default","site-content-style":"default","site-sidebar-style":"default","ast-global-header-display":"","ast-banner-title-visibility":"","ast-main-header-display":"","ast-hfb-above-header-display":"","ast-hfb-below-header-display":"","ast-hfb-mobile-header-display":"","site-post-title":"","ast-breadcrumbs-content":"","ast-featured-img":"","footer-sml-layout":"","ast-disable-related-posts":"","theme-transparent-header-meta":"","adv-header-id-meta":"","stick-header-meta":"","header-above-stick-meta":"","header-main-stick-meta":"","header-below-stick-meta":"","astra-migrate-meta-layouts":"default","ast-page-background-enabled":"default","ast-page-background-meta":{"desktop":{"background-color":"","background-image":"","background-repeat":"repeat","background-position":"center center","background-size":"auto","background-attachment":"scroll","background-type":"","background-media":"","overlay-type":"","overlay-color":"","overlay-opacity":"","overlay-gradient":""},"tablet":{"background-color":"","background-image":"","background-repeat":"repeat","background-position":"center center","background-size":"auto","background-attachment":"scroll","background-type":"","background-media":"","overlay-type":"","overlay-color":"","overlay-opacity":"","overlay-gradient":""},"mobile":{"background-color":"","background-image":"","background-repeat":"repeat","background-position":"center center","background-size":"auto","background-attachment":"scroll","background-type":"","background-media":"","overlay-type":"","overlay-color":"","overlay-opacity":"","overlay-gradient":""}},"ast-content-background-meta":{"desktop":{"background-color":"var(--ast-global-color-5)","background-image":"","background-repeat":"repeat","background-position":"center center","background-size":"auto","background-attachment":"scroll","background-type":"","background-media":"","overlay-type":"","overlay-color":"","overlay-opacity":"","overlay-gradient":""},"tablet":{"background-color":"var(--ast-global-color-5)","background-image":"","background-repeat":"repeat","background-position":"center center","background-size":"auto","background-attachment":"scroll","background-type":"","background-media":"","overlay-type":"","overlay-color":"","overlay-opacity":"","overlay-gradient":""},"mobile":{"background-color":"var(--ast-global-color-5)","background-image":"","background-repeat":"repeat","background-position":"center center","background-size":"auto","background-attachment":"scroll","background-type":"","background-media":"","overlay-type":"","overlay-color":"","overlay-opacity":"","overlay-gradient":""}},"footnotes":""},"categories":[34],"tags":[],"class_list":["post-8495","post","type-post","status-publish","format-standard","has-post-thumbnail","hentry","category-nouvelles-evenements"],"yoast_head":"<!-- This site is optimized with the Yoast SEO plugin v27.3 - https:\/\/yoast.com\/product\/yoast-seo-wordpress\/ -->\n<title>AGA d&#039;AWISH 15 juin 2025 - AWISH<\/title>\n<meta name=\"robots\" content=\"index, follow, max-snippet:-1, max-image-preview:large, max-video-preview:-1\" \/>\n<link rel=\"canonical\" href=\"https:\/\/awishmontreal.org\/fr\/2025\/05\/22\/aga-dawish-15-juin-2025\/\" \/>\n<meta property=\"og:locale\" content=\"fr_FR\" \/>\n<meta property=\"og:type\" content=\"article\" \/>\n<meta property=\"og:title\" content=\"AGA d&#039;AWISH 15 juin 2025 - AWISH\" \/>\n<meta property=\"og:description\" content=\"Visitez l&#039;AGA d&#039;AWISH (y compris le conf\u00e9renciere invit\u00e9e et les kiosques d&#039;information de la communaut\u00e9) - nous avons h\u00e2te de vous voir !\" \/>\n<meta property=\"og:url\" content=\"https:\/\/awishmontreal.org\/fr\/2025\/05\/22\/aga-dawish-15-juin-2025\/\" \/>\n<meta property=\"og:site_name\" content=\"AWISH\" \/>\n<meta property=\"article:publisher\" content=\"https:\/\/www.facebook.com\/profile.php?id=100069131421005&amp;ref=hl\" \/>\n<meta property=\"article:published_time\" content=\"2025-05-22T14:54:05+00:00\" \/>\n<meta property=\"article:modified_time\" content=\"2025-05-26T20:58:48+00:00\" \/>\n<meta property=\"og:image\" content=\"https:\/\/awishmontreal.org\/wp-content\/uploads\/2025\/03\/AWISH-Post-Photo-News-and-Events-_-900x900-_-FR.png\" \/>\n\t<meta property=\"og:image:width\" content=\"900\" \/>\n\t<meta property=\"og:image:height\" content=\"900\" \/>\n\t<meta property=\"og:image:type\" content=\"image\/png\" \/>\n<meta name=\"author\" content=\"awish\" \/>\n<meta name=\"twitter:card\" content=\"summary_large_image\" \/>\n<meta name=\"twitter:label1\" content=\"\u00c9crit par\" \/>\n\t<meta name=\"twitter:data1\" content=\"awish\" \/>\n\t<meta name=\"twitter:label2\" content=\"Dur\u00e9e de lecture estim\u00e9e\" \/>\n\t<meta name=\"twitter:data2\" content=\"1 minute\" \/>\n<script type=\"application\/ld+json\" class=\"yoast-schema-graph\">{\"@context\":\"https:\\\/\\\/schema.org\",\"@graph\":[{\"@type\":\"Article\",\"@id\":\"https:\\\/\\\/awishmontreal.org\\\/fr\\\/2025\\\/05\\\/22\\\/aga-dawish-15-juin-2025\\\/#article\",\"isPartOf\":{\"@id\":\"https:\\\/\\\/awishmontreal.org\\\/fr\\\/2025\\\/05\\\/22\\\/aga-dawish-15-juin-2025\\\/\"},\"author\":{\"name\":\"awish\",\"@id\":\"https:\\\/\\\/awishmontreal.org\\\/#\\\/schema\\\/person\\\/5238f57b86ff974da6d3765834e95054\"},\"headline\":\"AGA d&rsquo;AWISH 15 juin 2025\",\"datePublished\":\"2025-05-22T14:54:05+00:00\",\"dateModified\":\"2025-05-26T20:58:48+00:00\",\"mainEntityOfPage\":{\"@id\":\"https:\\\/\\\/awishmontreal.org\\\/fr\\\/2025\\\/05\\\/22\\\/aga-dawish-15-juin-2025\\\/\"},\"wordCount\":201,\"publisher\":{\"@id\":\"https:\\\/\\\/awishmontreal.org\\\/#organization\"},\"image\":{\"@id\":\"https:\\\/\\\/awishmontreal.org\\\/fr\\\/2025\\\/05\\\/22\\\/aga-dawish-15-juin-2025\\\/#primaryimage\"},\"thumbnailUrl\":\"https:\\\/\\\/awishmontreal.org\\\/wp-content\\\/uploads\\\/2025\\\/03\\\/AWISH-Post-Photo-News-and-Events-_-900x900-_-FR.png\",\"articleSection\":[\"Nouvelles &amp; \u00e9v\u00e9nements\"],\"inLanguage\":\"fr-FR\"},{\"@type\":\"WebPage\",\"@id\":\"https:\\\/\\\/awishmontreal.org\\\/fr\\\/2025\\\/05\\\/22\\\/aga-dawish-15-juin-2025\\\/\",\"url\":\"https:\\\/\\\/awishmontreal.org\\\/fr\\\/2025\\\/05\\\/22\\\/aga-dawish-15-juin-2025\\\/\",\"name\":\"AGA d'AWISH 15 juin 2025 - AWISH\",\"isPartOf\":{\"@id\":\"https:\\\/\\\/awishmontreal.org\\\/#website\"},\"primaryImageOfPage\":{\"@id\":\"https:\\\/\\\/awishmontreal.org\\\/fr\\\/2025\\\/05\\\/22\\\/aga-dawish-15-juin-2025\\\/#primaryimage\"},\"image\":{\"@id\":\"https:\\\/\\\/awishmontreal.org\\\/fr\\\/2025\\\/05\\\/22\\\/aga-dawish-15-juin-2025\\\/#primaryimage\"},\"thumbnailUrl\":\"https:\\\/\\\/awishmontreal.org\\\/wp-content\\\/uploads\\\/2025\\\/03\\\/AWISH-Post-Photo-News-and-Events-_-900x900-_-FR.png\",\"datePublished\":\"2025-05-22T14:54:05+00:00\",\"dateModified\":\"2025-05-26T20:58:48+00:00\",\"breadcrumb\":{\"@id\":\"https:\\\/\\\/awishmontreal.org\\\/fr\\\/2025\\\/05\\\/22\\\/aga-dawish-15-juin-2025\\\/#breadcrumb\"},\"inLanguage\":\"fr-FR\",\"potentialAction\":[{\"@type\":\"ReadAction\",\"target\":[\"https:\\\/\\\/awishmontreal.org\\\/fr\\\/2025\\\/05\\\/22\\\/aga-dawish-15-juin-2025\\\/\"]}]},{\"@type\":\"ImageObject\",\"inLanguage\":\"fr-FR\",\"@id\":\"https:\\\/\\\/awishmontreal.org\\\/fr\\\/2025\\\/05\\\/22\\\/aga-dawish-15-juin-2025\\\/#primaryimage\",\"url\":\"https:\\\/\\\/awishmontreal.org\\\/wp-content\\\/uploads\\\/2025\\\/03\\\/AWISH-Post-Photo-News-and-Events-_-900x900-_-FR.png\",\"contentUrl\":\"https:\\\/\\\/awishmontreal.org\\\/wp-content\\\/uploads\\\/2025\\\/03\\\/AWISH-Post-Photo-News-and-Events-_-900x900-_-FR.png\",\"width\":900,\"height\":900},{\"@type\":\"BreadcrumbList\",\"@id\":\"https:\\\/\\\/awishmontreal.org\\\/fr\\\/2025\\\/05\\\/22\\\/aga-dawish-15-juin-2025\\\/#breadcrumb\",\"itemListElement\":[{\"@type\":\"ListItem\",\"position\":1,\"name\":\"Home\",\"item\":\"https:\\\/\\\/awishmontreal.org\\\/\"},{\"@type\":\"ListItem\",\"position\":2,\"name\":\"AGA d&#8217;AWISH 15 juin 2025\"}]},{\"@type\":\"WebSite\",\"@id\":\"https:\\\/\\\/awishmontreal.org\\\/#website\",\"url\":\"https:\\\/\\\/awishmontreal.org\\\/\",\"name\":\"AWISH\",\"description\":\"\",\"publisher\":{\"@id\":\"https:\\\/\\\/awishmontreal.org\\\/#organization\"},\"potentialAction\":[{\"@type\":\"SearchAction\",\"target\":{\"@type\":\"EntryPoint\",\"urlTemplate\":\"https:\\\/\\\/awishmontreal.org\\\/?s={search_term_string}\"},\"query-input\":{\"@type\":\"PropertyValueSpecification\",\"valueRequired\":true,\"valueName\":\"search_term_string\"}}],\"inLanguage\":\"fr-FR\"},{\"@type\":\"Organization\",\"@id\":\"https:\\\/\\\/awishmontreal.org\\\/#organization\",\"name\":\"AWISH\",\"url\":\"https:\\\/\\\/awishmontreal.org\\\/\",\"logo\":{\"@type\":\"ImageObject\",\"inLanguage\":\"fr-FR\",\"@id\":\"https:\\\/\\\/awishmontreal.org\\\/#\\\/schema\\\/logo\\\/image\\\/\",\"url\":\"https:\\\/\\\/awishmontreal.org\\\/wp-content\\\/uploads\\\/2023\\\/10\\\/cropped-FCP_LOGO_approved_rev-e1698357534241-1.png\",\"contentUrl\":\"https:\\\/\\\/awishmontreal.org\\\/wp-content\\\/uploads\\\/2023\\\/10\\\/cropped-FCP_LOGO_approved_rev-e1698357534241-1.png\",\"width\":602,\"height\":285,\"caption\":\"AWISH\"},\"image\":{\"@id\":\"https:\\\/\\\/awishmontreal.org\\\/#\\\/schema\\\/logo\\\/image\\\/\"},\"sameAs\":[\"https:\\\/\\\/www.facebook.com\\\/profile.php?id=100069131421005&ref=hl\"]},{\"@type\":\"Person\",\"@id\":\"https:\\\/\\\/awishmontreal.org\\\/#\\\/schema\\\/person\\\/5238f57b86ff974da6d3765834e95054\",\"name\":\"awish\",\"image\":{\"@type\":\"ImageObject\",\"inLanguage\":\"fr-FR\",\"@id\":\"https:\\\/\\\/secure.gravatar.com\\\/avatar\\\/4d664c83d6c4d839e8f85d6197df97fbb5128b034b94b8264997d62c60e0bd66?s=96&d=mm&r=g\",\"url\":\"https:\\\/\\\/secure.gravatar.com\\\/avatar\\\/4d664c83d6c4d839e8f85d6197df97fbb5128b034b94b8264997d62c60e0bd66?s=96&d=mm&r=g\",\"contentUrl\":\"https:\\\/\\\/secure.gravatar.com\\\/avatar\\\/4d664c83d6c4d839e8f85d6197df97fbb5128b034b94b8264997d62c60e0bd66?s=96&d=mm&r=g\",\"caption\":\"awish\"},\"sameAs\":[\"https:\\\/\\\/awishmontreal.org\"],\"url\":\"https:\\\/\\\/awishmontreal.org\\\/fr\\\/author\\\/awish\\\/\"}]}<\/script>\n<!-- \/ Yoast SEO plugin. -->","yoast_head_json":{"title":"AGA d'AWISH 15 juin 2025 - AWISH","robots":{"index":"index","follow":"follow","max-snippet":"max-snippet:-1","max-image-preview":"max-image-preview:large","max-video-preview":"max-video-preview:-1"},"canonical":"https:\/\/awishmontreal.org\/fr\/2025\/05\/22\/aga-dawish-15-juin-2025\/","og_locale":"fr_FR","og_type":"article","og_title":"AGA d'AWISH 15 juin 2025 - AWISH","og_description":"Visitez l'AGA d'AWISH (y compris le conf\u00e9renciere invit\u00e9e et les kiosques d'information de la communaut\u00e9) - nous avons h\u00e2te de vous voir !","og_url":"https:\/\/awishmontreal.org\/fr\/2025\/05\/22\/aga-dawish-15-juin-2025\/","og_site_name":"AWISH","article_publisher":"https:\/\/www.facebook.com\/profile.php?id=100069131421005&ref=hl","article_published_time":"2025-05-22T14:54:05+00:00","article_modified_time":"2025-05-26T20:58:48+00:00","og_image":[{"width":900,"height":900,"url":"https:\/\/awishmontreal.org\/wp-content\/uploads\/2025\/03\/AWISH-Post-Photo-News-and-Events-_-900x900-_-FR.png","type":"image\/png"}],"author":"awish","twitter_card":"summary_large_image","twitter_misc":{"\u00c9crit par":"awish","Dur\u00e9e de lecture estim\u00e9e":"1 minute"},"schema":{"@context":"https:\/\/schema.org","@graph":[{"@type":"Article","@id":"https:\/\/awishmontreal.org\/fr\/2025\/05\/22\/aga-dawish-15-juin-2025\/#article","isPartOf":{"@id":"https:\/\/awishmontreal.org\/fr\/2025\/05\/22\/aga-dawish-15-juin-2025\/"},"author":{"name":"awish","@id":"https:\/\/awishmontreal.org\/#\/schema\/person\/5238f57b86ff974da6d3765834e95054"},"headline":"AGA d&rsquo;AWISH 15 juin 2025","datePublished":"2025-05-22T14:54:05+00:00","dateModified":"2025-05-26T20:58:48+00:00","mainEntityOfPage":{"@id":"https:\/\/awishmontreal.org\/fr\/2025\/05\/22\/aga-dawish-15-juin-2025\/"},"wordCount":201,"publisher":{"@id":"https:\/\/awishmontreal.org\/#organization"},"image":{"@id":"https:\/\/awishmontreal.org\/fr\/2025\/05\/22\/aga-dawish-15-juin-2025\/#primaryimage"},"thumbnailUrl":"https:\/\/awishmontreal.org\/wp-content\/uploads\/2025\/03\/AWISH-Post-Photo-News-and-Events-_-900x900-_-FR.png","articleSection":["Nouvelles &amp; \u00e9v\u00e9nements"],"inLanguage":"fr-FR"},{"@type":"WebPage","@id":"https:\/\/awishmontreal.org\/fr\/2025\/05\/22\/aga-dawish-15-juin-2025\/","url":"https:\/\/awishmontreal.org\/fr\/2025\/05\/22\/aga-dawish-15-juin-2025\/","name":"AGA d'AWISH 15 juin 2025 - AWISH","isPartOf":{"@id":"https:\/\/awishmontreal.org\/#website"},"primaryImageOfPage":{"@id":"https:\/\/awishmontreal.org\/fr\/2025\/05\/22\/aga-dawish-15-juin-2025\/#primaryimage"},"image":{"@id":"https:\/\/awishmontreal.org\/fr\/2025\/05\/22\/aga-dawish-15-juin-2025\/#primaryimage"},"thumbnailUrl":"https:\/\/awishmontreal.org\/wp-content\/uploads\/2025\/03\/AWISH-Post-Photo-News-and-Events-_-900x900-_-FR.png","datePublished":"2025-05-22T14:54:05+00:00","dateModified":"2025-05-26T20:58:48+00:00","breadcrumb":{"@id":"https:\/\/awishmontreal.org\/fr\/2025\/05\/22\/aga-dawish-15-juin-2025\/#breadcrumb"},"inLanguage":"fr-FR","potentialAction":[{"@type":"ReadAction","target":["https:\/\/awishmontreal.org\/fr\/2025\/05\/22\/aga-dawish-15-juin-2025\/"]}]},{"@type":"ImageObject","inLanguage":"fr-FR","@id":"https:\/\/awishmontreal.org\/fr\/2025\/05\/22\/aga-dawish-15-juin-2025\/#primaryimage","url":"https:\/\/awishmontreal.org\/wp-content\/uploads\/2025\/03\/AWISH-Post-Photo-News-and-Events-_-900x900-_-FR.png","contentUrl":"https:\/\/awishmontreal.org\/wp-content\/uploads\/2025\/03\/AWISH-Post-Photo-News-and-Events-_-900x900-_-FR.png","width":900,"height":900},{"@type":"BreadcrumbList","@id":"https:\/\/awishmontreal.org\/fr\/2025\/05\/22\/aga-dawish-15-juin-2025\/#breadcrumb","itemListElement":[{"@type":"ListItem","position":1,"name":"Home","item":"https:\/\/awishmontreal.org\/"},{"@type":"ListItem","position":2,"name":"AGA d&#8217;AWISH 15 juin 2025"}]},{"@type":"WebSite","@id":"https:\/\/awishmontreal.org\/#website","url":"https:\/\/awishmontreal.org\/","name":"AWISH","description":"","publisher":{"@id":"https:\/\/awishmontreal.org\/#organization"},"potentialAction":[{"@type":"SearchAction","target":{"@type":"EntryPoint","urlTemplate":"https:\/\/awishmontreal.org\/?s={search_term_string}"},"query-input":{"@type":"PropertyValueSpecification","valueRequired":true,"valueName":"search_term_string"}}],"inLanguage":"fr-FR"},{"@type":"Organization","@id":"https:\/\/awishmontreal.org\/#organization","name":"AWISH","url":"https:\/\/awishmontreal.org\/","logo":{"@type":"ImageObject","inLanguage":"fr-FR","@id":"https:\/\/awishmontreal.org\/#\/schema\/logo\/image\/","url":"https:\/\/awishmontreal.org\/wp-content\/uploads\/2023\/10\/cropped-FCP_LOGO_approved_rev-e1698357534241-1.png","contentUrl":"https:\/\/awishmontreal.org\/wp-content\/uploads\/2023\/10\/cropped-FCP_LOGO_approved_rev-e1698357534241-1.png","width":602,"height":285,"caption":"AWISH"},"image":{"@id":"https:\/\/awishmontreal.org\/#\/schema\/logo\/image\/"},"sameAs":["https:\/\/www.facebook.com\/profile.php?id=100069131421005&ref=hl"]},{"@type":"Person","@id":"https:\/\/awishmontreal.org\/#\/schema\/person\/5238f57b86ff974da6d3765834e95054","name":"awish","image":{"@type":"ImageObject","inLanguage":"fr-FR","@id":"https:\/\/secure.gravatar.com\/avatar\/4d664c83d6c4d839e8f85d6197df97fbb5128b034b94b8264997d62c60e0bd66?s=96&d=mm&r=g","url":"https:\/\/secure.gravatar.com\/avatar\/4d664c83d6c4d839e8f85d6197df97fbb5128b034b94b8264997d62c60e0bd66?s=96&d=mm&r=g","contentUrl":"https:\/\/secure.gravatar.com\/avatar\/4d664c83d6c4d839e8f85d6197df97fbb5128b034b94b8264997d62c60e0bd66?s=96&d=mm&r=g","caption":"awish"},"sameAs":["https:\/\/awishmontreal.org"],"url":"https:\/\/awishmontreal.org\/fr\/author\/awish\/"}]}},"_links":{"self":[{"href":"https:\/\/awishmontreal.org\/fr\/wp-json\/wp\/v2\/posts\/8495","targetHints":{"allow":["GET"]}}],"collection":[{"href":"https:\/\/awishmontreal.org\/fr\/wp-json\/wp\/v2\/posts"}],"about":[{"href":"https:\/\/awishmontreal.org\/fr\/wp-json\/wp\/v2\/types\/post"}],"author":[{"embeddable":true,"href":"https:\/\/awishmontreal.org\/fr\/wp-json\/wp\/v2\/users\/1"}],"replies":[{"embeddable":true,"href":"https:\/\/awishmontreal.org\/fr\/wp-json\/wp\/v2\/comments?post=8495"}],"version-history":[{"count":10,"href":"https:\/\/awishmontreal.org\/fr\/wp-json\/wp\/v2\/posts\/8495\/revisions"}],"predecessor-version":[{"id":8565,"href":"https:\/\/awishmontreal.org\/fr\/wp-json\/wp\/v2\/posts\/8495\/revisions\/8565"}],"wp:featuredmedia":[{"embeddable":true,"href":"https:\/\/awishmontreal.org\/fr\/wp-json\/wp\/v2\/media\/8219"}],"wp:attachment":[{"href":"https:\/\/awishmontreal.org\/fr\/wp-json\/wp\/v2\/media?parent=8495"}],"wp:term":[{"taxonomy":"category","embeddable":true,"href":"https:\/\/awishmontreal.org\/fr\/wp-json\/wp\/v2\/categories?post=8495"},{"taxonomy":"post_tag","embeddable":true,"href":"https:\/\/awishmontreal.org\/fr\/wp-json\/wp\/v2\/tags?post=8495"}],"curies":[{"name":"wp","href":"https:\/\/api.w.org\/{rel}","templated":true}]}}