{"id":8423,"date":"2025-05-01T12:40:18","date_gmt":"2025-05-01T16:40:18","guid":{"rendered":"https:\/\/awishmontreal.org\/?p=8423"},"modified":"2025-05-08T17:26:21","modified_gmt":"2025-05-08T21:26:21","slug":"kiosque-dinformation-dawish-4-mai-2025","status":"publish","type":"post","link":"https:\/\/awishmontreal.org\/fr\/2025\/05\/01\/kiosque-dinformation-dawish-4-mai-2025\/","title":{"rendered":"Kiosque d&rsquo;information d&rsquo;AWISH : 4 mai 2025 &#8211; Salon du Carrefour des A\u00een\u00e9s de Pierrefonds"},"content":{"rendered":"\t\t<div data-elementor-type=\"wp-post\" data-elementor-id=\"8423\" class=\"elementor elementor-8423 elementor-8422\" data-elementor-post-type=\"post\">\n\t\t\t\t<div class=\"elementor-element elementor-element-d7268a7 e-flex e-con-boxed e-con e-parent\" data-id=\"d7268a7\" data-element_type=\"container\" data-e-type=\"container\">\n\t\t\t\t\t<div class=\"e-con-inner\">\n\t\t\t\t<div class=\"elementor-element elementor-element-6a28a160 elementor-widget elementor-widget-text-editor\" data-id=\"6a28a160\" data-element_type=\"widget\" data-e-type=\"widget\" data-widget_type=\"text-editor.default\">\n\t\t\t\t<div class=\"elementor-widget-container\">\n\t\t\t\t\t\t\t\t\t<p><span style=\"color: #0000ff;\"><strong>Visitez le kiosque d&rsquo;information d&rsquo;AWISH :<\/strong><\/span><\/p><p style=\"margin-bottom: 12.0pt;\"><strong>Salon du Carrefour des A\u00een\u00e9s de Pierrefonds<br \/><\/strong>(fier partenaire de l&rsquo;arrondissement de Pierrefonds-Roxboro)<br \/><br \/><strong>14068 Blvd Gouin Ouest<\/strong> <br \/>Pierrefonds, H8Z 1Y1<br \/>514-624-1449<strong><br \/><\/strong><br \/><strong>Dimanche 4 mai 2025<\/strong> <br \/><strong>10h00 &#8211; 15h30<\/strong><\/p><p style=\"font-weight: 400;\">Un \u00e9v\u00e9nement tr\u00e8s sp\u00e9cial organis\u00e9 par les b\u00e9n\u00e9voles du Carrefour des A\u00een\u00e9s de Pierrefonds<\/p><p style=\"font-weight: 400;\">L\u2019ann\u00e9e 2025 est toute sp\u00e9ciale pour le Carrefour des A\u00een\u00e9s de Pierrefonds qui c\u00e9l\u00e8bre ses 30 ans de service b\u00e9n\u00e9vole consacr\u00e9 au bien-\u00eatre des a\u00een\u00e9s.<\/p><p style=\"font-weight: 400;\">En marge de cet anniversaire, les administrateurs b\u00e9n\u00e9voles organisent un Salon d\u00e9di\u00e9 \u00e0 informer les a\u00een\u00e9s sur divers sujets en sant\u00e9 physique et mentale et sur les multiples ressources communautaires qui sont \u00e0 leur disposition.<\/p><p style=\"font-weight: 400;\">Un Salon enti\u00e8rement gratuit qui r\u00e9unit plus de 25 intervenants en majorit\u00e9 b\u00e9n\u00e9voles qui veulent rencontrer la communaut\u00e9 pour leur assurer un mieux vivre.<\/p><p style=\"font-weight: 400;\">C\u2019est une occasion inesp\u00e9r\u00e9e de rencontrer des professionnels dans tous ces domaines et aussi des repr\u00e9sentants dans les secteurs de loisirs, th\u00e9\u00e2tre et culture g\u00e9n\u00e9rale.<\/p><p style=\"font-weight: 400;\">Bienvenue \u00e0 tous !<br \/><br \/><em>* Veuillez v\u00e9rifier les informations relatives \u00e0 l&rsquo;\u00e9v\u00e9nement aupr\u00e8s de la source d&rsquo;origine, \u00e0 une date proche, pour voir s&rsquo;il y a des mises \u00e0 jour ou des modifications de l&rsquo;\u00e9v\u00e9nement.<\/em><\/p><p><span style=\"color: #0000ff;\"><strong>Visitez le kiosque d&rsquo;information d&rsquo;AWISH &#8211; nous avons h\u00e2te de vous voir !<\/strong><\/span><\/p>\t\t\t\t\t\t\t\t<\/div>\n\t\t\t\t<\/div>\n\t\t\t\t\t<\/div>\n\t\t\t\t<\/div>\n\t\t<div class=\"elementor-element elementor-element-fad3683 e-flex e-con-boxed e-con e-parent\" data-id=\"fad3683\" data-element_type=\"container\" data-e-type=\"container\">\n\t\t\t\t\t<div class=\"e-con-inner\">\n\t\t\t\t<div class=\"elementor-element elementor-element-e88216b elementor-align-center elementor-widget elementor-widget-button\" data-id=\"e88216b\" data-element_type=\"widget\" data-e-type=\"widget\" data-widget_type=\"button.default\">\n\t\t\t\t<div class=\"elementor-widget-container\">\n\t\t\t\t\t\t\t\t\t<div class=\"elementor-button-wrapper\">\n\t\t\t\t\t<a class=\"elementor-button elementor-button-link elementor-size-sm\" href=\"https:\/\/awishmontreal.org\/wp-content\/uploads\/2025\/05\/AWISH-2025-info-booth-May-4-2025-Carrefour-des-Aines-le-4-mai-2025-_-edited.png\" target=\"_blank\">\n\t\t\t\t\t\t<span class=\"elementor-button-content-wrapper\">\n\t\t\t\t\t\t\t\t\t<span class=\"elementor-button-text\">VOIR L'AFFICHE DE L'\u00c9V\u00c9NEMENT<\/span>\n\t\t\t\t\t<\/span>\n\t\t\t\t\t<\/a>\n\t\t\t\t<\/div>\n\t\t\t\t\t\t\t\t<\/div>\n\t\t\t\t<\/div>\n\t\t\t\t\t<\/div>\n\t\t\t\t<\/div>\n\t\t\t\t<\/div>\n\t\t","protected":false},"excerpt":{"rendered":"<p>Visitez le kiosque d&rsquo;information d&rsquo;AWISH &#8211; nous avons h\u00e2te de vous voir !<\/p>\n","protected":false},"author":1,"featured_media":8219,"comment_status":"closed","ping_status":"closed","sticky":false,"template":"","format":"standard","meta":{"give_campaign_id":0,"site-sidebar-layout":"default","site-content-layout":"","ast-site-content-layout":"default","site-content-style":"default","site-sidebar-style":"default","ast-global-header-display":"","ast-banner-title-visibility":"","ast-main-header-display":"","ast-hfb-above-header-display":"","ast-hfb-below-header-display":"","ast-hfb-mobile-header-display":"","site-post-title":"","ast-breadcrumbs-content":"","ast-featured-img":"","footer-sml-layout":"","ast-disable-related-posts":"","theme-transparent-header-meta":"","adv-header-id-meta":"","stick-header-meta":"","header-above-stick-meta":"","header-main-stick-meta":"","header-below-stick-meta":"","astra-migrate-meta-layouts":"default","ast-page-background-enabled":"default","ast-page-background-meta":{"desktop":{"background-color":"","background-image":"","background-repeat":"repeat","background-position":"center center","background-size":"auto","background-attachment":"scroll","background-type":"","background-media":"","overlay-type":"","overlay-color":"","overlay-opacity":"","overlay-gradient":""},"tablet":{"background-color":"","background-image":"","background-repeat":"repeat","background-position":"center center","background-size":"auto","background-attachment":"scroll","background-type":"","background-media":"","overlay-type":"","overlay-color":"","overlay-opacity":"","overlay-gradient":""},"mobile":{"background-color":"","background-image":"","background-repeat":"repeat","background-position":"center center","background-size":"auto","background-attachment":"scroll","background-type":"","background-media":"","overlay-type":"","overlay-color":"","overlay-opacity":"","overlay-gradient":""}},"ast-content-background-meta":{"desktop":{"background-color":"var(--ast-global-color-5)","background-image":"","background-repeat":"repeat","background-position":"center center","background-size":"auto","background-attachment":"scroll","background-type":"","background-media":"","overlay-type":"","overlay-color":"","overlay-opacity":"","overlay-gradient":""},"tablet":{"background-color":"var(--ast-global-color-5)","background-image":"","background-repeat":"repeat","background-position":"center center","background-size":"auto","background-attachment":"scroll","background-type":"","background-media":"","overlay-type":"","overlay-color":"","overlay-opacity":"","overlay-gradient":""},"mobile":{"background-color":"var(--ast-global-color-5)","background-image":"","background-repeat":"repeat","background-position":"center center","background-size":"auto","background-attachment":"scroll","background-type":"","background-media":"","overlay-type":"","overlay-color":"","overlay-opacity":"","overlay-gradient":""}},"footnotes":""},"categories":[34],"tags":[],"class_list":["post-8423","post","type-post","status-publish","format-standard","has-post-thumbnail","hentry","category-nouvelles-evenements"],"yoast_head":"<!-- This site is optimized with the Yoast SEO plugin v27.3 - https:\/\/yoast.com\/product\/yoast-seo-wordpress\/ -->\n<title>Kiosque d&#039;information d&#039;AWISH : 4 mai 2025 - Salon du Carrefour des A\u00een\u00e9s de Pierrefonds - AWISH<\/title>\n<meta name=\"robots\" content=\"index, follow, max-snippet:-1, max-image-preview:large, max-video-preview:-1\" \/>\n<link rel=\"canonical\" href=\"https:\/\/awishmontreal.org\/fr\/2025\/05\/01\/kiosque-dinformation-dawish-4-mai-2025\/\" \/>\n<meta property=\"og:locale\" content=\"fr_FR\" \/>\n<meta property=\"og:type\" content=\"article\" \/>\n<meta property=\"og:title\" content=\"Kiosque d&#039;information d&#039;AWISH : 4 mai 2025 - Salon du Carrefour des A\u00een\u00e9s de Pierrefonds - AWISH\" \/>\n<meta property=\"og:description\" content=\"Visitez le kiosque d&#039;information d&#039;AWISH - nous avons h\u00e2te de vous voir !\" \/>\n<meta property=\"og:url\" content=\"https:\/\/awishmontreal.org\/fr\/2025\/05\/01\/kiosque-dinformation-dawish-4-mai-2025\/\" \/>\n<meta property=\"og:site_name\" content=\"AWISH\" \/>\n<meta property=\"article:publisher\" content=\"https:\/\/www.facebook.com\/profile.php?id=100069131421005&amp;ref=hl\" \/>\n<meta property=\"article:published_time\" content=\"2025-05-01T16:40:18+00:00\" \/>\n<meta property=\"article:modified_time\" content=\"2025-05-08T21:26:21+00:00\" \/>\n<meta property=\"og:image\" content=\"https:\/\/awishmontreal.org\/wp-content\/uploads\/2025\/03\/AWISH-Post-Photo-News-and-Events-_-900x900-_-FR.png\" \/>\n\t<meta property=\"og:image:width\" content=\"900\" \/>\n\t<meta property=\"og:image:height\" content=\"900\" \/>\n\t<meta property=\"og:image:type\" content=\"image\/png\" \/>\n<meta name=\"author\" content=\"awish\" \/>\n<meta name=\"twitter:card\" content=\"summary_large_image\" \/>\n<meta name=\"twitter:label1\" content=\"\u00c9crit par\" \/>\n\t<meta name=\"twitter:data1\" content=\"awish\" \/>\n\t<meta name=\"twitter:label2\" content=\"Dur\u00e9e de lecture estim\u00e9e\" \/>\n\t<meta name=\"twitter:data2\" content=\"2 minutes\" \/>\n<script type=\"application\/ld+json\" class=\"yoast-schema-graph\">{\"@context\":\"https:\\\/\\\/schema.org\",\"@graph\":[{\"@type\":\"Article\",\"@id\":\"https:\\\/\\\/awishmontreal.org\\\/fr\\\/2025\\\/05\\\/01\\\/kiosque-dinformation-dawish-4-mai-2025\\\/#article\",\"isPartOf\":{\"@id\":\"https:\\\/\\\/awishmontreal.org\\\/fr\\\/2025\\\/05\\\/01\\\/kiosque-dinformation-dawish-4-mai-2025\\\/\"},\"author\":{\"name\":\"awish\",\"@id\":\"https:\\\/\\\/awishmontreal.org\\\/#\\\/schema\\\/person\\\/5238f57b86ff974da6d3765834e95054\"},\"headline\":\"Kiosque d&rsquo;information d&rsquo;AWISH : 4 mai 2025 &#8211; Salon du Carrefour des A\u00een\u00e9s de Pierrefonds\",\"datePublished\":\"2025-05-01T16:40:18+00:00\",\"dateModified\":\"2025-05-08T21:26:21+00:00\",\"mainEntityOfPage\":{\"@id\":\"https:\\\/\\\/awishmontreal.org\\\/fr\\\/2025\\\/05\\\/01\\\/kiosque-dinformation-dawish-4-mai-2025\\\/\"},\"wordCount\":265,\"publisher\":{\"@id\":\"https:\\\/\\\/awishmontreal.org\\\/#organization\"},\"image\":{\"@id\":\"https:\\\/\\\/awishmontreal.org\\\/fr\\\/2025\\\/05\\\/01\\\/kiosque-dinformation-dawish-4-mai-2025\\\/#primaryimage\"},\"thumbnailUrl\":\"https:\\\/\\\/awishmontreal.org\\\/wp-content\\\/uploads\\\/2025\\\/03\\\/AWISH-Post-Photo-News-and-Events-_-900x900-_-FR.png\",\"articleSection\":[\"Nouvelles &amp; \u00e9v\u00e9nements\"],\"inLanguage\":\"fr-FR\"},{\"@type\":\"WebPage\",\"@id\":\"https:\\\/\\\/awishmontreal.org\\\/fr\\\/2025\\\/05\\\/01\\\/kiosque-dinformation-dawish-4-mai-2025\\\/\",\"url\":\"https:\\\/\\\/awishmontreal.org\\\/fr\\\/2025\\\/05\\\/01\\\/kiosque-dinformation-dawish-4-mai-2025\\\/\",\"name\":\"Kiosque d'information d'AWISH : 4 mai 2025 - Salon du Carrefour des A\u00een\u00e9s de Pierrefonds - AWISH\",\"isPartOf\":{\"@id\":\"https:\\\/\\\/awishmontreal.org\\\/#website\"},\"primaryImageOfPage\":{\"@id\":\"https:\\\/\\\/awishmontreal.org\\\/fr\\\/2025\\\/05\\\/01\\\/kiosque-dinformation-dawish-4-mai-2025\\\/#primaryimage\"},\"image\":{\"@id\":\"https:\\\/\\\/awishmontreal.org\\\/fr\\\/2025\\\/05\\\/01\\\/kiosque-dinformation-dawish-4-mai-2025\\\/#primaryimage\"},\"thumbnailUrl\":\"https:\\\/\\\/awishmontreal.org\\\/wp-content\\\/uploads\\\/2025\\\/03\\\/AWISH-Post-Photo-News-and-Events-_-900x900-_-FR.png\",\"datePublished\":\"2025-05-01T16:40:18+00:00\",\"dateModified\":\"2025-05-08T21:26:21+00:00\",\"breadcrumb\":{\"@id\":\"https:\\\/\\\/awishmontreal.org\\\/fr\\\/2025\\\/05\\\/01\\\/kiosque-dinformation-dawish-4-mai-2025\\\/#breadcrumb\"},\"inLanguage\":\"fr-FR\",\"potentialAction\":[{\"@type\":\"ReadAction\",\"target\":[\"https:\\\/\\\/awishmontreal.org\\\/fr\\\/2025\\\/05\\\/01\\\/kiosque-dinformation-dawish-4-mai-2025\\\/\"]}]},{\"@type\":\"ImageObject\",\"inLanguage\":\"fr-FR\",\"@id\":\"https:\\\/\\\/awishmontreal.org\\\/fr\\\/2025\\\/05\\\/01\\\/kiosque-dinformation-dawish-4-mai-2025\\\/#primaryimage\",\"url\":\"https:\\\/\\\/awishmontreal.org\\\/wp-content\\\/uploads\\\/2025\\\/03\\\/AWISH-Post-Photo-News-and-Events-_-900x900-_-FR.png\",\"contentUrl\":\"https:\\\/\\\/awishmontreal.org\\\/wp-content\\\/uploads\\\/2025\\\/03\\\/AWISH-Post-Photo-News-and-Events-_-900x900-_-FR.png\",\"width\":900,\"height\":900},{\"@type\":\"BreadcrumbList\",\"@id\":\"https:\\\/\\\/awishmontreal.org\\\/fr\\\/2025\\\/05\\\/01\\\/kiosque-dinformation-dawish-4-mai-2025\\\/#breadcrumb\",\"itemListElement\":[{\"@type\":\"ListItem\",\"position\":1,\"name\":\"Home\",\"item\":\"https:\\\/\\\/awishmontreal.org\\\/\"},{\"@type\":\"ListItem\",\"position\":2,\"name\":\"Kiosque d&#8217;information d&#8217;AWISH : 4 mai 2025 &#8211; Salon du Carrefour des A\u00een\u00e9s de Pierrefonds\"}]},{\"@type\":\"WebSite\",\"@id\":\"https:\\\/\\\/awishmontreal.org\\\/#website\",\"url\":\"https:\\\/\\\/awishmontreal.org\\\/\",\"name\":\"AWISH\",\"description\":\"\",\"publisher\":{\"@id\":\"https:\\\/\\\/awishmontreal.org\\\/#organization\"},\"potentialAction\":[{\"@type\":\"SearchAction\",\"target\":{\"@type\":\"EntryPoint\",\"urlTemplate\":\"https:\\\/\\\/awishmontreal.org\\\/?s={search_term_string}\"},\"query-input\":{\"@type\":\"PropertyValueSpecification\",\"valueRequired\":true,\"valueName\":\"search_term_string\"}}],\"inLanguage\":\"fr-FR\"},{\"@type\":\"Organization\",\"@id\":\"https:\\\/\\\/awishmontreal.org\\\/#organization\",\"name\":\"AWISH\",\"url\":\"https:\\\/\\\/awishmontreal.org\\\/\",\"logo\":{\"@type\":\"ImageObject\",\"inLanguage\":\"fr-FR\",\"@id\":\"https:\\\/\\\/awishmontreal.org\\\/#\\\/schema\\\/logo\\\/image\\\/\",\"url\":\"https:\\\/\\\/awishmontreal.org\\\/wp-content\\\/uploads\\\/2023\\\/10\\\/cropped-FCP_LOGO_approved_rev-e1698357534241-1.png\",\"contentUrl\":\"https:\\\/\\\/awishmontreal.org\\\/wp-content\\\/uploads\\\/2023\\\/10\\\/cropped-FCP_LOGO_approved_rev-e1698357534241-1.png\",\"width\":602,\"height\":285,\"caption\":\"AWISH\"},\"image\":{\"@id\":\"https:\\\/\\\/awishmontreal.org\\\/#\\\/schema\\\/logo\\\/image\\\/\"},\"sameAs\":[\"https:\\\/\\\/www.facebook.com\\\/profile.php?id=100069131421005&ref=hl\"]},{\"@type\":\"Person\",\"@id\":\"https:\\\/\\\/awishmontreal.org\\\/#\\\/schema\\\/person\\\/5238f57b86ff974da6d3765834e95054\",\"name\":\"awish\",\"image\":{\"@type\":\"ImageObject\",\"inLanguage\":\"fr-FR\",\"@id\":\"https:\\\/\\\/secure.gravatar.com\\\/avatar\\\/4d664c83d6c4d839e8f85d6197df97fbb5128b034b94b8264997d62c60e0bd66?s=96&d=mm&r=g\",\"url\":\"https:\\\/\\\/secure.gravatar.com\\\/avatar\\\/4d664c83d6c4d839e8f85d6197df97fbb5128b034b94b8264997d62c60e0bd66?s=96&d=mm&r=g\",\"contentUrl\":\"https:\\\/\\\/secure.gravatar.com\\\/avatar\\\/4d664c83d6c4d839e8f85d6197df97fbb5128b034b94b8264997d62c60e0bd66?s=96&d=mm&r=g\",\"caption\":\"awish\"},\"sameAs\":[\"https:\\\/\\\/awishmontreal.org\"],\"url\":\"https:\\\/\\\/awishmontreal.org\\\/fr\\\/author\\\/awish\\\/\"}]}<\/script>\n<!-- \/ Yoast SEO plugin. -->","yoast_head_json":{"title":"Kiosque d'information d'AWISH : 4 mai 2025 - Salon du Carrefour des A\u00een\u00e9s de Pierrefonds - AWISH","robots":{"index":"index","follow":"follow","max-snippet":"max-snippet:-1","max-image-preview":"max-image-preview:large","max-video-preview":"max-video-preview:-1"},"canonical":"https:\/\/awishmontreal.org\/fr\/2025\/05\/01\/kiosque-dinformation-dawish-4-mai-2025\/","og_locale":"fr_FR","og_type":"article","og_title":"Kiosque d'information d'AWISH : 4 mai 2025 - Salon du Carrefour des A\u00een\u00e9s de Pierrefonds - AWISH","og_description":"Visitez le kiosque d'information d'AWISH - nous avons h\u00e2te de vous voir !","og_url":"https:\/\/awishmontreal.org\/fr\/2025\/05\/01\/kiosque-dinformation-dawish-4-mai-2025\/","og_site_name":"AWISH","article_publisher":"https:\/\/www.facebook.com\/profile.php?id=100069131421005&ref=hl","article_published_time":"2025-05-01T16:40:18+00:00","article_modified_time":"2025-05-08T21:26:21+00:00","og_image":[{"width":900,"height":900,"url":"https:\/\/awishmontreal.org\/wp-content\/uploads\/2025\/03\/AWISH-Post-Photo-News-and-Events-_-900x900-_-FR.png","type":"image\/png"}],"author":"awish","twitter_card":"summary_large_image","twitter_misc":{"\u00c9crit par":"awish","Dur\u00e9e de lecture estim\u00e9e":"2 minutes"},"schema":{"@context":"https:\/\/schema.org","@graph":[{"@type":"Article","@id":"https:\/\/awishmontreal.org\/fr\/2025\/05\/01\/kiosque-dinformation-dawish-4-mai-2025\/#article","isPartOf":{"@id":"https:\/\/awishmontreal.org\/fr\/2025\/05\/01\/kiosque-dinformation-dawish-4-mai-2025\/"},"author":{"name":"awish","@id":"https:\/\/awishmontreal.org\/#\/schema\/person\/5238f57b86ff974da6d3765834e95054"},"headline":"Kiosque d&rsquo;information d&rsquo;AWISH : 4 mai 2025 &#8211; Salon du Carrefour des A\u00een\u00e9s de Pierrefonds","datePublished":"2025-05-01T16:40:18+00:00","dateModified":"2025-05-08T21:26:21+00:00","mainEntityOfPage":{"@id":"https:\/\/awishmontreal.org\/fr\/2025\/05\/01\/kiosque-dinformation-dawish-4-mai-2025\/"},"wordCount":265,"publisher":{"@id":"https:\/\/awishmontreal.org\/#organization"},"image":{"@id":"https:\/\/awishmontreal.org\/fr\/2025\/05\/01\/kiosque-dinformation-dawish-4-mai-2025\/#primaryimage"},"thumbnailUrl":"https:\/\/awishmontreal.org\/wp-content\/uploads\/2025\/03\/AWISH-Post-Photo-News-and-Events-_-900x900-_-FR.png","articleSection":["Nouvelles &amp; \u00e9v\u00e9nements"],"inLanguage":"fr-FR"},{"@type":"WebPage","@id":"https:\/\/awishmontreal.org\/fr\/2025\/05\/01\/kiosque-dinformation-dawish-4-mai-2025\/","url":"https:\/\/awishmontreal.org\/fr\/2025\/05\/01\/kiosque-dinformation-dawish-4-mai-2025\/","name":"Kiosque d'information d'AWISH : 4 mai 2025 - Salon du Carrefour des A\u00een\u00e9s de Pierrefonds - AWISH","isPartOf":{"@id":"https:\/\/awishmontreal.org\/#website"},"primaryImageOfPage":{"@id":"https:\/\/awishmontreal.org\/fr\/2025\/05\/01\/kiosque-dinformation-dawish-4-mai-2025\/#primaryimage"},"image":{"@id":"https:\/\/awishmontreal.org\/fr\/2025\/05\/01\/kiosque-dinformation-dawish-4-mai-2025\/#primaryimage"},"thumbnailUrl":"https:\/\/awishmontreal.org\/wp-content\/uploads\/2025\/03\/AWISH-Post-Photo-News-and-Events-_-900x900-_-FR.png","datePublished":"2025-05-01T16:40:18+00:00","dateModified":"2025-05-08T21:26:21+00:00","breadcrumb":{"@id":"https:\/\/awishmontreal.org\/fr\/2025\/05\/01\/kiosque-dinformation-dawish-4-mai-2025\/#breadcrumb"},"inLanguage":"fr-FR","potentialAction":[{"@type":"ReadAction","target":["https:\/\/awishmontreal.org\/fr\/2025\/05\/01\/kiosque-dinformation-dawish-4-mai-2025\/"]}]},{"@type":"ImageObject","inLanguage":"fr-FR","@id":"https:\/\/awishmontreal.org\/fr\/2025\/05\/01\/kiosque-dinformation-dawish-4-mai-2025\/#primaryimage","url":"https:\/\/awishmontreal.org\/wp-content\/uploads\/2025\/03\/AWISH-Post-Photo-News-and-Events-_-900x900-_-FR.png","contentUrl":"https:\/\/awishmontreal.org\/wp-content\/uploads\/2025\/03\/AWISH-Post-Photo-News-and-Events-_-900x900-_-FR.png","width":900,"height":900},{"@type":"BreadcrumbList","@id":"https:\/\/awishmontreal.org\/fr\/2025\/05\/01\/kiosque-dinformation-dawish-4-mai-2025\/#breadcrumb","itemListElement":[{"@type":"ListItem","position":1,"name":"Home","item":"https:\/\/awishmontreal.org\/"},{"@type":"ListItem","position":2,"name":"Kiosque d&#8217;information d&#8217;AWISH : 4 mai 2025 &#8211; Salon du Carrefour des A\u00een\u00e9s de Pierrefonds"}]},{"@type":"WebSite","@id":"https:\/\/awishmontreal.org\/#website","url":"https:\/\/awishmontreal.org\/","name":"AWISH","description":"","publisher":{"@id":"https:\/\/awishmontreal.org\/#organization"},"potentialAction":[{"@type":"SearchAction","target":{"@type":"EntryPoint","urlTemplate":"https:\/\/awishmontreal.org\/?s={search_term_string}"},"query-input":{"@type":"PropertyValueSpecification","valueRequired":true,"valueName":"search_term_string"}}],"inLanguage":"fr-FR"},{"@type":"Organization","@id":"https:\/\/awishmontreal.org\/#organization","name":"AWISH","url":"https:\/\/awishmontreal.org\/","logo":{"@type":"ImageObject","inLanguage":"fr-FR","@id":"https:\/\/awishmontreal.org\/#\/schema\/logo\/image\/","url":"https:\/\/awishmontreal.org\/wp-content\/uploads\/2023\/10\/cropped-FCP_LOGO_approved_rev-e1698357534241-1.png","contentUrl":"https:\/\/awishmontreal.org\/wp-content\/uploads\/2023\/10\/cropped-FCP_LOGO_approved_rev-e1698357534241-1.png","width":602,"height":285,"caption":"AWISH"},"image":{"@id":"https:\/\/awishmontreal.org\/#\/schema\/logo\/image\/"},"sameAs":["https:\/\/www.facebook.com\/profile.php?id=100069131421005&ref=hl"]},{"@type":"Person","@id":"https:\/\/awishmontreal.org\/#\/schema\/person\/5238f57b86ff974da6d3765834e95054","name":"awish","image":{"@type":"ImageObject","inLanguage":"fr-FR","@id":"https:\/\/secure.gravatar.com\/avatar\/4d664c83d6c4d839e8f85d6197df97fbb5128b034b94b8264997d62c60e0bd66?s=96&d=mm&r=g","url":"https:\/\/secure.gravatar.com\/avatar\/4d664c83d6c4d839e8f85d6197df97fbb5128b034b94b8264997d62c60e0bd66?s=96&d=mm&r=g","contentUrl":"https:\/\/secure.gravatar.com\/avatar\/4d664c83d6c4d839e8f85d6197df97fbb5128b034b94b8264997d62c60e0bd66?s=96&d=mm&r=g","caption":"awish"},"sameAs":["https:\/\/awishmontreal.org"],"url":"https:\/\/awishmontreal.org\/fr\/author\/awish\/"}]}},"_links":{"self":[{"href":"https:\/\/awishmontreal.org\/fr\/wp-json\/wp\/v2\/posts\/8423","targetHints":{"allow":["GET"]}}],"collection":[{"href":"https:\/\/awishmontreal.org\/fr\/wp-json\/wp\/v2\/posts"}],"about":[{"href":"https:\/\/awishmontreal.org\/fr\/wp-json\/wp\/v2\/types\/post"}],"author":[{"embeddable":true,"href":"https:\/\/awishmontreal.org\/fr\/wp-json\/wp\/v2\/users\/1"}],"replies":[{"embeddable":true,"href":"https:\/\/awishmontreal.org\/fr\/wp-json\/wp\/v2\/comments?post=8423"}],"version-history":[{"count":7,"href":"https:\/\/awishmontreal.org\/fr\/wp-json\/wp\/v2\/posts\/8423\/revisions"}],"predecessor-version":[{"id":8467,"href":"https:\/\/awishmontreal.org\/fr\/wp-json\/wp\/v2\/posts\/8423\/revisions\/8467"}],"wp:featuredmedia":[{"embeddable":true,"href":"https:\/\/awishmontreal.org\/fr\/wp-json\/wp\/v2\/media\/8219"}],"wp:attachment":[{"href":"https:\/\/awishmontreal.org\/fr\/wp-json\/wp\/v2\/media?parent=8423"}],"wp:term":[{"taxonomy":"category","embeddable":true,"href":"https:\/\/awishmontreal.org\/fr\/wp-json\/wp\/v2\/categories?post=8423"},{"taxonomy":"post_tag","embeddable":true,"href":"https:\/\/awishmontreal.org\/fr\/wp-json\/wp\/v2\/tags?post=8423"}],"curies":[{"name":"wp","href":"https:\/\/api.w.org\/{rel}","templated":true}]}}