{"id":8151,"date":"2025-02-13T11:08:19","date_gmt":"2025-02-13T16:08:19","guid":{"rendered":"https:\/\/awishmontreal.org\/?p=8151"},"modified":"2025-02-13T11:11:40","modified_gmt":"2025-02-13T16:11:40","slug":"atelier-mieux-vivre-avec-arthrite-avril-2025","status":"publish","type":"post","link":"https:\/\/awishmontreal.org\/fr\/2025\/02\/13\/atelier-mieux-vivre-avec-arthrite-avril-2025\/","title":{"rendered":"Atelier mieux vivre avec arthrite (Avril 2025)"},"content":{"rendered":"\t\t<div data-elementor-type=\"wp-post\" data-elementor-id=\"8151\" class=\"elementor elementor-8151 elementor-8150\" data-elementor-post-type=\"post\">\n\t\t\t\t<div class=\"elementor-element elementor-element-d7268a7 e-flex e-con-boxed e-con e-parent\" data-id=\"d7268a7\" data-element_type=\"container\" data-e-type=\"container\">\n\t\t\t\t\t<div class=\"e-con-inner\">\n\t\t\t\t<div class=\"elementor-element elementor-element-6a28a160 elementor-widget elementor-widget-text-editor\" data-id=\"6a28a160\" data-element_type=\"widget\" data-e-type=\"widget\" data-widget_type=\"text-editor.default\">\n\t\t\t\t<div class=\"elementor-widget-container\">\n\t\t\t\t\t\t\t\t\t<p><strong>ATELIER: mieux vivre avec arthrite <\/strong><\/p><p>Contactez AWISH pour vous inscrire!<\/p><p class=\"p1\">S\u00e9rie de 5 sessions d&rsquo;information hebdomadaires interactives et informelles o\u00f9 les participants sont encourag\u00e9s \u00e0 partager leur exp\u00e9rience quotidienne, leurs capacit\u00e9s d&rsquo;adaptation et leurs id\u00e9es.<\/p><p>Un cours complet pour les personnes souffrant d&rsquo;arthrite ou d&rsquo;une affection connexe (ex: douleur chronique) qui apprennent \u00e0 g\u00e9rer leur douleur en la comprenant et en d\u00e9veloppant des strat\u00e9gies pour vivre une vie plus fructueuse.<\/p><p><strong>5 semaines = 5 sujets<\/strong><br \/>1. L\u2019arthrite dans ses moindres d\u00e9tails.<br \/>2. Nutrition \u2013 Cr\u00e9er les bonnes habitudes.<br \/>3. Explorer vos options \u2013 Relaxation, massage, posturologie, th\u00e9rapies, etc.<br \/>4. Le mouvement est important!<br \/>5. Rester engag\u00e9 \u2013 C\u2019est essentiel pour votre bien-\u00eatre g\u00e9n\u00e9ral.<\/p><p><strong>Dirig\u00e9 par Ariana Parolini, coach en sant\u00e9 et bien-\u00eatre.<\/strong><\/p><p><strong>Mardis \u2013 5 semaines (1, 8, 15, 22, 29 avril)<\/strong><br \/>18h30 \u2013 20h30<\/p><p><strong>GRATUIT pour membres d\u2019AWISH<\/strong><br \/><strong>ou 20$ pour les non-membres (<a href=\"https:\/\/awishmontreal.org\/fr\/simpliquer\/\">adh\u00e9rex maintenant<\/a> pour 25$\/ann\u00e9e!)<br \/><\/strong><br \/><a href=\"https:\/\/awishmontreal.org\/fr\/services\/#elementor-action%3Aaction%3Dpopup%3Aopen%26settings%3DeyJpZCI6NTg5NCwidG9nZ2xlIjpmYWxzZX0%3D\"><strong>Pr\u00e9-inscription en ligne \u00e0 partir de notre page Services &#8211; cliquez sur le bouton FORMULAIRE D&rsquo;INSCRIPTION EN LIGNE<\/strong><\/a><\/p><p><strong>Centre communautaire Sarto-Desnoyers<\/strong><br \/>1335 Chem. du Bord-du-Lac-Lakeshore, Dorval, QC H9S 2E5<\/p>\t\t\t\t\t\t\t\t<\/div>\n\t\t\t\t<\/div>\n\t\t\t\t\t<\/div>\n\t\t\t\t<\/div>\n\t\t<div class=\"elementor-element elementor-element-fad3683 e-flex e-con-boxed e-con e-parent\" data-id=\"fad3683\" data-element_type=\"container\" data-e-type=\"container\">\n\t\t\t\t\t<div class=\"e-con-inner\">\n\t\t\t\t<div class=\"elementor-element elementor-element-e88216b elementor-align-center elementor-widget elementor-widget-button\" data-id=\"e88216b\" data-element_type=\"widget\" data-e-type=\"widget\" data-widget_type=\"button.default\">\n\t\t\t\t<div class=\"elementor-widget-container\">\n\t\t\t\t\t\t\t\t\t<div class=\"elementor-button-wrapper\">\n\t\t\t\t\t<a class=\"elementor-button elementor-button-link elementor-size-sm\" href=\"https:\/\/awishmontreal.org\/wp-content\/uploads\/2025\/02\/AWISH-2025-Living-Well-With-Arthritis-FR-_-final.pdf\" target=\"_blank\">\n\t\t\t\t\t\t<span class=\"elementor-button-content-wrapper\">\n\t\t\t\t\t\t\t\t\t<span class=\"elementor-button-text\">VOIR L'AFFICHE DE L'\u00c9V\u00c9NEMENT<\/span>\n\t\t\t\t\t<\/span>\n\t\t\t\t\t<\/a>\n\t\t\t\t<\/div>\n\t\t\t\t\t\t\t\t<\/div>\n\t\t\t\t<\/div>\n\t\t\t\t\t<\/div>\n\t\t\t\t<\/div>\n\t\t\t\t<\/div>\n\t\t","protected":false},"excerpt":{"rendered":"<p>AWISH pr\u00e9sente un atelier dirig\u00e9 par Ariana Parolini (coach en sant\u00e9 et bien-\u00eatre) &#8211; tout le monde peut participer \u00e0 cette s\u00e9rie de 5 semaines (Avril 2025) &#8211; mais vous devez vous INSCRIRE aupr\u00e8s d&rsquo;AWISH \u00e0 l&rsquo;avance. <\/p>\n","protected":false},"author":1,"featured_media":6711,"comment_status":"closed","ping_status":"closed","sticky":false,"template":"","format":"standard","meta":{"give_campaign_id":0,"site-sidebar-layout":"default","site-content-layout":"","ast-site-content-layout":"default","site-content-style":"default","site-sidebar-style":"default","ast-global-header-display":"","ast-banner-title-visibility":"","ast-main-header-display":"","ast-hfb-above-header-display":"","ast-hfb-below-header-display":"","ast-hfb-mobile-header-display":"","site-post-title":"","ast-breadcrumbs-content":"","ast-featured-img":"","footer-sml-layout":"","ast-disable-related-posts":"","theme-transparent-header-meta":"","adv-header-id-meta":"","stick-header-meta":"","header-above-stick-meta":"","header-main-stick-meta":"","header-below-stick-meta":"","astra-migrate-meta-layouts":"default","ast-page-background-enabled":"default","ast-page-background-meta":{"desktop":{"background-color":"","background-image":"","background-repeat":"repeat","background-position":"center center","background-size":"auto","background-attachment":"scroll","background-type":"","background-media":"","overlay-type":"","overlay-color":"","overlay-opacity":"","overlay-gradient":""},"tablet":{"background-color":"","background-image":"","background-repeat":"repeat","background-position":"center center","background-size":"auto","background-attachment":"scroll","background-type":"","background-media":"","overlay-type":"","overlay-color":"","overlay-opacity":"","overlay-gradient":""},"mobile":{"background-color":"","background-image":"","background-repeat":"repeat","background-position":"center center","background-size":"auto","background-attachment":"scroll","background-type":"","background-media":"","overlay-type":"","overlay-color":"","overlay-opacity":"","overlay-gradient":""}},"ast-content-background-meta":{"desktop":{"background-color":"var(--ast-global-color-5)","background-image":"","background-repeat":"repeat","background-position":"center center","background-size":"auto","background-attachment":"scroll","background-type":"","background-media":"","overlay-type":"","overlay-color":"","overlay-opacity":"","overlay-gradient":""},"tablet":{"background-color":"var(--ast-global-color-5)","background-image":"","background-repeat":"repeat","background-position":"center center","background-size":"auto","background-attachment":"scroll","background-type":"","background-media":"","overlay-type":"","overlay-color":"","overlay-opacity":"","overlay-gradient":""},"mobile":{"background-color":"var(--ast-global-color-5)","background-image":"","background-repeat":"repeat","background-position":"center center","background-size":"auto","background-attachment":"scroll","background-type":"","background-media":"","overlay-type":"","overlay-color":"","overlay-opacity":"","overlay-gradient":""}},"footnotes":""},"categories":[34],"tags":[],"class_list":["post-8151","post","type-post","status-publish","format-standard","has-post-thumbnail","hentry","category-nouvelles-evenements"],"yoast_head":"<!-- This site is optimized with the Yoast SEO plugin v27.3 - https:\/\/yoast.com\/product\/yoast-seo-wordpress\/ -->\n<title>Atelier mieux vivre avec arthrite (Avril 2025) - AWISH<\/title>\n<meta name=\"robots\" content=\"index, follow, max-snippet:-1, max-image-preview:large, max-video-preview:-1\" \/>\n<link rel=\"canonical\" href=\"https:\/\/awishmontreal.org\/fr\/2025\/02\/13\/atelier-mieux-vivre-avec-arthrite-avril-2025\/\" \/>\n<meta property=\"og:locale\" content=\"fr_FR\" \/>\n<meta property=\"og:type\" content=\"article\" \/>\n<meta property=\"og:title\" content=\"Atelier mieux vivre avec arthrite (Avril 2025) - AWISH\" \/>\n<meta property=\"og:description\" content=\"AWISH pr\u00e9sente un atelier dirig\u00e9 par Ariana Parolini (coach en sant\u00e9 et bien-\u00eatre) - tout le monde peut participer \u00e0 cette s\u00e9rie de 5 semaines (Avril 2025) - mais vous devez vous INSCRIRE aupr\u00e8s d&#039;AWISH \u00e0 l&#039;avance.\" \/>\n<meta property=\"og:url\" content=\"https:\/\/awishmontreal.org\/fr\/2025\/02\/13\/atelier-mieux-vivre-avec-arthrite-avril-2025\/\" \/>\n<meta property=\"og:site_name\" content=\"AWISH\" \/>\n<meta property=\"article:publisher\" content=\"https:\/\/www.facebook.com\/profile.php?id=100069131421005&amp;ref=hl\" \/>\n<meta property=\"article:published_time\" content=\"2025-02-13T16:08:19+00:00\" \/>\n<meta property=\"article:modified_time\" content=\"2025-02-13T16:11:40+00:00\" \/>\n<meta property=\"og:image\" content=\"https:\/\/awishmontreal.org\/wp-content\/uploads\/2024\/06\/Depositphotos_105731952_XL-scaled-1.jpg\" \/>\n\t<meta property=\"og:image:width\" content=\"2560\" \/>\n\t<meta property=\"og:image:height\" content=\"1707\" \/>\n\t<meta property=\"og:image:type\" content=\"image\/jpeg\" \/>\n<meta name=\"author\" content=\"awish\" \/>\n<meta name=\"twitter:card\" content=\"summary_large_image\" \/>\n<meta name=\"twitter:label1\" content=\"\u00c9crit par\" \/>\n\t<meta name=\"twitter:data1\" content=\"awish\" \/>\n\t<meta name=\"twitter:label2\" content=\"Dur\u00e9e de lecture estim\u00e9e\" \/>\n\t<meta name=\"twitter:data2\" content=\"1 minute\" \/>\n<script type=\"application\/ld+json\" class=\"yoast-schema-graph\">{\"@context\":\"https:\\\/\\\/schema.org\",\"@graph\":[{\"@type\":\"Article\",\"@id\":\"https:\\\/\\\/awishmontreal.org\\\/fr\\\/2025\\\/02\\\/13\\\/atelier-mieux-vivre-avec-arthrite-avril-2025\\\/#article\",\"isPartOf\":{\"@id\":\"https:\\\/\\\/awishmontreal.org\\\/fr\\\/2025\\\/02\\\/13\\\/atelier-mieux-vivre-avec-arthrite-avril-2025\\\/\"},\"author\":{\"name\":\"awish\",\"@id\":\"https:\\\/\\\/awishmontreal.org\\\/#\\\/schema\\\/person\\\/5238f57b86ff974da6d3765834e95054\"},\"headline\":\"Atelier mieux vivre avec arthrite (Avril 2025)\",\"datePublished\":\"2025-02-13T16:08:19+00:00\",\"dateModified\":\"2025-02-13T16:11:40+00:00\",\"mainEntityOfPage\":{\"@id\":\"https:\\\/\\\/awishmontreal.org\\\/fr\\\/2025\\\/02\\\/13\\\/atelier-mieux-vivre-avec-arthrite-avril-2025\\\/\"},\"wordCount\":192,\"publisher\":{\"@id\":\"https:\\\/\\\/awishmontreal.org\\\/#organization\"},\"image\":{\"@id\":\"https:\\\/\\\/awishmontreal.org\\\/fr\\\/2025\\\/02\\\/13\\\/atelier-mieux-vivre-avec-arthrite-avril-2025\\\/#primaryimage\"},\"thumbnailUrl\":\"https:\\\/\\\/awishmontreal.org\\\/wp-content\\\/uploads\\\/2024\\\/06\\\/Depositphotos_105731952_XL-scaled-1.jpg\",\"articleSection\":[\"Nouvelles &amp; \u00e9v\u00e9nements\"],\"inLanguage\":\"fr-FR\"},{\"@type\":\"WebPage\",\"@id\":\"https:\\\/\\\/awishmontreal.org\\\/fr\\\/2025\\\/02\\\/13\\\/atelier-mieux-vivre-avec-arthrite-avril-2025\\\/\",\"url\":\"https:\\\/\\\/awishmontreal.org\\\/fr\\\/2025\\\/02\\\/13\\\/atelier-mieux-vivre-avec-arthrite-avril-2025\\\/\",\"name\":\"Atelier mieux vivre avec arthrite (Avril 2025) - AWISH\",\"isPartOf\":{\"@id\":\"https:\\\/\\\/awishmontreal.org\\\/#website\"},\"primaryImageOfPage\":{\"@id\":\"https:\\\/\\\/awishmontreal.org\\\/fr\\\/2025\\\/02\\\/13\\\/atelier-mieux-vivre-avec-arthrite-avril-2025\\\/#primaryimage\"},\"image\":{\"@id\":\"https:\\\/\\\/awishmontreal.org\\\/fr\\\/2025\\\/02\\\/13\\\/atelier-mieux-vivre-avec-arthrite-avril-2025\\\/#primaryimage\"},\"thumbnailUrl\":\"https:\\\/\\\/awishmontreal.org\\\/wp-content\\\/uploads\\\/2024\\\/06\\\/Depositphotos_105731952_XL-scaled-1.jpg\",\"datePublished\":\"2025-02-13T16:08:19+00:00\",\"dateModified\":\"2025-02-13T16:11:40+00:00\",\"breadcrumb\":{\"@id\":\"https:\\\/\\\/awishmontreal.org\\\/fr\\\/2025\\\/02\\\/13\\\/atelier-mieux-vivre-avec-arthrite-avril-2025\\\/#breadcrumb\"},\"inLanguage\":\"fr-FR\",\"potentialAction\":[{\"@type\":\"ReadAction\",\"target\":[\"https:\\\/\\\/awishmontreal.org\\\/fr\\\/2025\\\/02\\\/13\\\/atelier-mieux-vivre-avec-arthrite-avril-2025\\\/\"]}]},{\"@type\":\"ImageObject\",\"inLanguage\":\"fr-FR\",\"@id\":\"https:\\\/\\\/awishmontreal.org\\\/fr\\\/2025\\\/02\\\/13\\\/atelier-mieux-vivre-avec-arthrite-avril-2025\\\/#primaryimage\",\"url\":\"https:\\\/\\\/awishmontreal.org\\\/wp-content\\\/uploads\\\/2024\\\/06\\\/Depositphotos_105731952_XL-scaled-1.jpg\",\"contentUrl\":\"https:\\\/\\\/awishmontreal.org\\\/wp-content\\\/uploads\\\/2024\\\/06\\\/Depositphotos_105731952_XL-scaled-1.jpg\",\"width\":2560,\"height\":1707},{\"@type\":\"BreadcrumbList\",\"@id\":\"https:\\\/\\\/awishmontreal.org\\\/fr\\\/2025\\\/02\\\/13\\\/atelier-mieux-vivre-avec-arthrite-avril-2025\\\/#breadcrumb\",\"itemListElement\":[{\"@type\":\"ListItem\",\"position\":1,\"name\":\"Home\",\"item\":\"https:\\\/\\\/awishmontreal.org\\\/\"},{\"@type\":\"ListItem\",\"position\":2,\"name\":\"Atelier mieux vivre avec arthrite (Avril 2025)\"}]},{\"@type\":\"WebSite\",\"@id\":\"https:\\\/\\\/awishmontreal.org\\\/#website\",\"url\":\"https:\\\/\\\/awishmontreal.org\\\/\",\"name\":\"AWISH\",\"description\":\"\",\"publisher\":{\"@id\":\"https:\\\/\\\/awishmontreal.org\\\/#organization\"},\"potentialAction\":[{\"@type\":\"SearchAction\",\"target\":{\"@type\":\"EntryPoint\",\"urlTemplate\":\"https:\\\/\\\/awishmontreal.org\\\/?s={search_term_string}\"},\"query-input\":{\"@type\":\"PropertyValueSpecification\",\"valueRequired\":true,\"valueName\":\"search_term_string\"}}],\"inLanguage\":\"fr-FR\"},{\"@type\":\"Organization\",\"@id\":\"https:\\\/\\\/awishmontreal.org\\\/#organization\",\"name\":\"AWISH\",\"url\":\"https:\\\/\\\/awishmontreal.org\\\/\",\"logo\":{\"@type\":\"ImageObject\",\"inLanguage\":\"fr-FR\",\"@id\":\"https:\\\/\\\/awishmontreal.org\\\/#\\\/schema\\\/logo\\\/image\\\/\",\"url\":\"https:\\\/\\\/awishmontreal.org\\\/wp-content\\\/uploads\\\/2023\\\/10\\\/cropped-FCP_LOGO_approved_rev-e1698357534241-1.png\",\"contentUrl\":\"https:\\\/\\\/awishmontreal.org\\\/wp-content\\\/uploads\\\/2023\\\/10\\\/cropped-FCP_LOGO_approved_rev-e1698357534241-1.png\",\"width\":602,\"height\":285,\"caption\":\"AWISH\"},\"image\":{\"@id\":\"https:\\\/\\\/awishmontreal.org\\\/#\\\/schema\\\/logo\\\/image\\\/\"},\"sameAs\":[\"https:\\\/\\\/www.facebook.com\\\/profile.php?id=100069131421005&ref=hl\"]},{\"@type\":\"Person\",\"@id\":\"https:\\\/\\\/awishmontreal.org\\\/#\\\/schema\\\/person\\\/5238f57b86ff974da6d3765834e95054\",\"name\":\"awish\",\"image\":{\"@type\":\"ImageObject\",\"inLanguage\":\"fr-FR\",\"@id\":\"https:\\\/\\\/secure.gravatar.com\\\/avatar\\\/4d664c83d6c4d839e8f85d6197df97fbb5128b034b94b8264997d62c60e0bd66?s=96&d=mm&r=g\",\"url\":\"https:\\\/\\\/secure.gravatar.com\\\/avatar\\\/4d664c83d6c4d839e8f85d6197df97fbb5128b034b94b8264997d62c60e0bd66?s=96&d=mm&r=g\",\"contentUrl\":\"https:\\\/\\\/secure.gravatar.com\\\/avatar\\\/4d664c83d6c4d839e8f85d6197df97fbb5128b034b94b8264997d62c60e0bd66?s=96&d=mm&r=g\",\"caption\":\"awish\"},\"sameAs\":[\"https:\\\/\\\/awishmontreal.org\"],\"url\":\"https:\\\/\\\/awishmontreal.org\\\/fr\\\/author\\\/awish\\\/\"}]}<\/script>\n<!-- \/ Yoast SEO plugin. -->","yoast_head_json":{"title":"Atelier mieux vivre avec arthrite (Avril 2025) - AWISH","robots":{"index":"index","follow":"follow","max-snippet":"max-snippet:-1","max-image-preview":"max-image-preview:large","max-video-preview":"max-video-preview:-1"},"canonical":"https:\/\/awishmontreal.org\/fr\/2025\/02\/13\/atelier-mieux-vivre-avec-arthrite-avril-2025\/","og_locale":"fr_FR","og_type":"article","og_title":"Atelier mieux vivre avec arthrite (Avril 2025) - AWISH","og_description":"AWISH pr\u00e9sente un atelier dirig\u00e9 par Ariana Parolini (coach en sant\u00e9 et bien-\u00eatre) - tout le monde peut participer \u00e0 cette s\u00e9rie de 5 semaines (Avril 2025) - mais vous devez vous INSCRIRE aupr\u00e8s d'AWISH \u00e0 l'avance.","og_url":"https:\/\/awishmontreal.org\/fr\/2025\/02\/13\/atelier-mieux-vivre-avec-arthrite-avril-2025\/","og_site_name":"AWISH","article_publisher":"https:\/\/www.facebook.com\/profile.php?id=100069131421005&ref=hl","article_published_time":"2025-02-13T16:08:19+00:00","article_modified_time":"2025-02-13T16:11:40+00:00","og_image":[{"width":2560,"height":1707,"url":"https:\/\/awishmontreal.org\/wp-content\/uploads\/2024\/06\/Depositphotos_105731952_XL-scaled-1.jpg","type":"image\/jpeg"}],"author":"awish","twitter_card":"summary_large_image","twitter_misc":{"\u00c9crit par":"awish","Dur\u00e9e de lecture estim\u00e9e":"1 minute"},"schema":{"@context":"https:\/\/schema.org","@graph":[{"@type":"Article","@id":"https:\/\/awishmontreal.org\/fr\/2025\/02\/13\/atelier-mieux-vivre-avec-arthrite-avril-2025\/#article","isPartOf":{"@id":"https:\/\/awishmontreal.org\/fr\/2025\/02\/13\/atelier-mieux-vivre-avec-arthrite-avril-2025\/"},"author":{"name":"awish","@id":"https:\/\/awishmontreal.org\/#\/schema\/person\/5238f57b86ff974da6d3765834e95054"},"headline":"Atelier mieux vivre avec arthrite (Avril 2025)","datePublished":"2025-02-13T16:08:19+00:00","dateModified":"2025-02-13T16:11:40+00:00","mainEntityOfPage":{"@id":"https:\/\/awishmontreal.org\/fr\/2025\/02\/13\/atelier-mieux-vivre-avec-arthrite-avril-2025\/"},"wordCount":192,"publisher":{"@id":"https:\/\/awishmontreal.org\/#organization"},"image":{"@id":"https:\/\/awishmontreal.org\/fr\/2025\/02\/13\/atelier-mieux-vivre-avec-arthrite-avril-2025\/#primaryimage"},"thumbnailUrl":"https:\/\/awishmontreal.org\/wp-content\/uploads\/2024\/06\/Depositphotos_105731952_XL-scaled-1.jpg","articleSection":["Nouvelles &amp; \u00e9v\u00e9nements"],"inLanguage":"fr-FR"},{"@type":"WebPage","@id":"https:\/\/awishmontreal.org\/fr\/2025\/02\/13\/atelier-mieux-vivre-avec-arthrite-avril-2025\/","url":"https:\/\/awishmontreal.org\/fr\/2025\/02\/13\/atelier-mieux-vivre-avec-arthrite-avril-2025\/","name":"Atelier mieux vivre avec arthrite (Avril 2025) - AWISH","isPartOf":{"@id":"https:\/\/awishmontreal.org\/#website"},"primaryImageOfPage":{"@id":"https:\/\/awishmontreal.org\/fr\/2025\/02\/13\/atelier-mieux-vivre-avec-arthrite-avril-2025\/#primaryimage"},"image":{"@id":"https:\/\/awishmontreal.org\/fr\/2025\/02\/13\/atelier-mieux-vivre-avec-arthrite-avril-2025\/#primaryimage"},"thumbnailUrl":"https:\/\/awishmontreal.org\/wp-content\/uploads\/2024\/06\/Depositphotos_105731952_XL-scaled-1.jpg","datePublished":"2025-02-13T16:08:19+00:00","dateModified":"2025-02-13T16:11:40+00:00","breadcrumb":{"@id":"https:\/\/awishmontreal.org\/fr\/2025\/02\/13\/atelier-mieux-vivre-avec-arthrite-avril-2025\/#breadcrumb"},"inLanguage":"fr-FR","potentialAction":[{"@type":"ReadAction","target":["https:\/\/awishmontreal.org\/fr\/2025\/02\/13\/atelier-mieux-vivre-avec-arthrite-avril-2025\/"]}]},{"@type":"ImageObject","inLanguage":"fr-FR","@id":"https:\/\/awishmontreal.org\/fr\/2025\/02\/13\/atelier-mieux-vivre-avec-arthrite-avril-2025\/#primaryimage","url":"https:\/\/awishmontreal.org\/wp-content\/uploads\/2024\/06\/Depositphotos_105731952_XL-scaled-1.jpg","contentUrl":"https:\/\/awishmontreal.org\/wp-content\/uploads\/2024\/06\/Depositphotos_105731952_XL-scaled-1.jpg","width":2560,"height":1707},{"@type":"BreadcrumbList","@id":"https:\/\/awishmontreal.org\/fr\/2025\/02\/13\/atelier-mieux-vivre-avec-arthrite-avril-2025\/#breadcrumb","itemListElement":[{"@type":"ListItem","position":1,"name":"Home","item":"https:\/\/awishmontreal.org\/"},{"@type":"ListItem","position":2,"name":"Atelier mieux vivre avec arthrite (Avril 2025)"}]},{"@type":"WebSite","@id":"https:\/\/awishmontreal.org\/#website","url":"https:\/\/awishmontreal.org\/","name":"AWISH","description":"","publisher":{"@id":"https:\/\/awishmontreal.org\/#organization"},"potentialAction":[{"@type":"SearchAction","target":{"@type":"EntryPoint","urlTemplate":"https:\/\/awishmontreal.org\/?s={search_term_string}"},"query-input":{"@type":"PropertyValueSpecification","valueRequired":true,"valueName":"search_term_string"}}],"inLanguage":"fr-FR"},{"@type":"Organization","@id":"https:\/\/awishmontreal.org\/#organization","name":"AWISH","url":"https:\/\/awishmontreal.org\/","logo":{"@type":"ImageObject","inLanguage":"fr-FR","@id":"https:\/\/awishmontreal.org\/#\/schema\/logo\/image\/","url":"https:\/\/awishmontreal.org\/wp-content\/uploads\/2023\/10\/cropped-FCP_LOGO_approved_rev-e1698357534241-1.png","contentUrl":"https:\/\/awishmontreal.org\/wp-content\/uploads\/2023\/10\/cropped-FCP_LOGO_approved_rev-e1698357534241-1.png","width":602,"height":285,"caption":"AWISH"},"image":{"@id":"https:\/\/awishmontreal.org\/#\/schema\/logo\/image\/"},"sameAs":["https:\/\/www.facebook.com\/profile.php?id=100069131421005&ref=hl"]},{"@type":"Person","@id":"https:\/\/awishmontreal.org\/#\/schema\/person\/5238f57b86ff974da6d3765834e95054","name":"awish","image":{"@type":"ImageObject","inLanguage":"fr-FR","@id":"https:\/\/secure.gravatar.com\/avatar\/4d664c83d6c4d839e8f85d6197df97fbb5128b034b94b8264997d62c60e0bd66?s=96&d=mm&r=g","url":"https:\/\/secure.gravatar.com\/avatar\/4d664c83d6c4d839e8f85d6197df97fbb5128b034b94b8264997d62c60e0bd66?s=96&d=mm&r=g","contentUrl":"https:\/\/secure.gravatar.com\/avatar\/4d664c83d6c4d839e8f85d6197df97fbb5128b034b94b8264997d62c60e0bd66?s=96&d=mm&r=g","caption":"awish"},"sameAs":["https:\/\/awishmontreal.org"],"url":"https:\/\/awishmontreal.org\/fr\/author\/awish\/"}]}},"_links":{"self":[{"href":"https:\/\/awishmontreal.org\/fr\/wp-json\/wp\/v2\/posts\/8151","targetHints":{"allow":["GET"]}}],"collection":[{"href":"https:\/\/awishmontreal.org\/fr\/wp-json\/wp\/v2\/posts"}],"about":[{"href":"https:\/\/awishmontreal.org\/fr\/wp-json\/wp\/v2\/types\/post"}],"author":[{"embeddable":true,"href":"https:\/\/awishmontreal.org\/fr\/wp-json\/wp\/v2\/users\/1"}],"replies":[{"embeddable":true,"href":"https:\/\/awishmontreal.org\/fr\/wp-json\/wp\/v2\/comments?post=8151"}],"version-history":[{"count":6,"href":"https:\/\/awishmontreal.org\/fr\/wp-json\/wp\/v2\/posts\/8151\/revisions"}],"predecessor-version":[{"id":8161,"href":"https:\/\/awishmontreal.org\/fr\/wp-json\/wp\/v2\/posts\/8151\/revisions\/8161"}],"wp:featuredmedia":[{"embeddable":true,"href":"https:\/\/awishmontreal.org\/fr\/wp-json\/wp\/v2\/media\/6711"}],"wp:attachment":[{"href":"https:\/\/awishmontreal.org\/fr\/wp-json\/wp\/v2\/media?parent=8151"}],"wp:term":[{"taxonomy":"category","embeddable":true,"href":"https:\/\/awishmontreal.org\/fr\/wp-json\/wp\/v2\/categories?post=8151"},{"taxonomy":"post_tag","embeddable":true,"href":"https:\/\/awishmontreal.org\/fr\/wp-json\/wp\/v2\/tags?post=8151"}],"curies":[{"name":"wp","href":"https:\/\/api.w.org\/{rel}","templated":true}]}}