{"id":4069,"date":"2023-11-21T16:57:50","date_gmt":"2023-11-21T21:57:50","guid":{"rendered":"https:\/\/awishmontreal.org\/2023\/11\/21\/mon-experience-avec-le-methotrexate\/"},"modified":"2024-07-13T10:41:49","modified_gmt":"2024-07-13T14:41:49","slug":"mon-experience-avec-le-methotrexate","status":"publish","type":"post","link":"https:\/\/awishmontreal.org\/fr\/2023\/11\/21\/mon-experience-avec-le-methotrexate\/","title":{"rendered":"Anne: Mon Exp\u00e9rience Avec Le Methotrexate"},"content":{"rendered":"\t\t<div data-elementor-type=\"wp-post\" data-elementor-id=\"4069\" class=\"elementor elementor-4069 elementor-2918\" data-elementor-post-type=\"post\">\n\t\t\t\t<div class=\"elementor-element elementor-element-d7268a7 e-flex e-con-boxed e-con e-parent\" data-id=\"d7268a7\" data-element_type=\"container\" data-e-type=\"container\">\n\t\t\t\t\t<div class=\"e-con-inner\">\n\t\t\t\t<div class=\"elementor-element elementor-element-6a28a160 elementor-widget elementor-widget-text-editor\" data-id=\"6a28a160\" data-element_type=\"widget\" data-e-type=\"widget\" data-widget_type=\"text-editor.default\">\n\t\t\t\t<div class=\"elementor-widget-container\">\n\t\t\t\t\t\t\t\t\t<p><strong>par Anne Pallen<\/p>\n<p><em>\u00ab\u00a0Pendant ces 20 mois, j&rsquo;\u00e9tais dans la mis\u00e8re, je me sentais compl\u00e8tement seule, les nuits \u00e9taient les pires, pas de vrai repos.\u00a0\u00bb<\/em><\/strong><\/p>\n<p>Il est difficile de r\u00e9aliser qu&rsquo;en 2024, cela fera 34 ans que je prends du m\u00e9thotrexate. Je m&rsquo;en sors tr\u00e8s bien, mon arthrite s&rsquo;est calm\u00e9e et, surtout, je m\u00e8ne une vie pleine et active. Mais il n&rsquo;en a pas toujours \u00e9t\u00e9 ainsi. Mon combat contre l&rsquo;arthrite a commenc\u00e9 en 1985, lorsque je me suis r\u00e9veill\u00e9 avec des pouces tr\u00e8s douloureux le jour de la f\u00eate du travail. Lorsque cette douleur a persist\u00e9, j&rsquo;ai consult\u00e9 mon m\u00e9decin, qui m&rsquo;a dit avec d\u00e9sinvolture: \u00ab\u00a0Oh, c&rsquo;est de l&rsquo;arthrite\u00a0\u00bb. Je ne savais pas que l&rsquo;arthrite faisait autant mal! Apr\u00e8s quelques semaines, la douleur s&rsquo;est att\u00e9nu\u00e9e.<\/p>\n<p>Deux ans plus tard, en septembre 1987, j&rsquo;ai de nouveau eu des ennuis. J&rsquo;ai gliss\u00e9 en aidant ma m\u00e8re \u00e0 monter dans la voiture et, deux jours plus tard, mon cou \u00e9tait si raide que je ne pouvais pas \u00e9carter mon bras de mon corps. J&rsquo;ai continu\u00e9 \u00e0 ressentir des douleurs \u00e0 l&rsquo;\u00e9paule, au cou et \u00e0 la t\u00eate. J&rsquo;ai commenc\u00e9 \u00e0 prendre de l&rsquo;Entrophen 10, trois fois par jour (l&rsquo;\u00e9quivalent de deux aspirines). J&rsquo;esp\u00e9rais que l&rsquo;aspirine enrob\u00e9e ne me g\u00eanerait pas l&rsquo;estomac. J&rsquo;ai consult\u00e9 un rhumatologue qui pensait que j&rsquo;avais une bursite et non une polyarthrite rhumato\u00efde (PR) et qui m&rsquo;a sugg\u00e9r\u00e9 d&rsquo;arr\u00eater l&rsquo;Entrophen. Mais la douleur \u00e9tait trop forte. Fin octobre, des analyses de sang ont r\u00e9v\u00e9l\u00e9 une vitesse de s\u00e9dimentation \u00e9lev\u00e9e et j&rsquo;\u00e9tais positive au facteur rhumato\u00efde. Je prenais alors 4 Entrophen par jour. Ma main gauche et mes pieds commen\u00e7aient \u00e0 me g\u00eaner. J&rsquo;ai eu beaucoup de mal \u00e0 retirer mes bagues de mes doigts pour les radiographies. J&rsquo;ai pris du Tylenol #1 (cod\u00e9ine), mais je savais que je ne devais pas continuer ainsi. Au d\u00e9but du mois de d\u00e9cembre, les articulations m\u00e9dianes des doigts de mes deux mains \u00e9taient horriblement enfl\u00e9es. No\u00ebl a \u00e9t\u00e9 difficile, toute la cuisine m&rsquo;a fatigu\u00e9e et je me r\u00e9veillais la nuit, tr\u00e8s mal \u00e0 l&rsquo;aise. En janvier, j&rsquo;ai consult\u00e9 un physioth\u00e9rapeute. Les \u00e9tirements, les ultrasons, l&rsquo;eau chaude et les tens pour mes articulations enfl\u00e9es m&rsquo;aidaient pendant environ une heure, puis je recommen\u00e7ais \u00e0 souffrir. Les nuits sont de plus en plus difficiles. J&rsquo;ai \u00e9crit \u00ab\u00a0Je suis mal \u00e0 l&rsquo;aise\u00a0\u00bb dans mon journal. (J&rsquo;avais commenc\u00e9 \u00e0 tenir un \u00ab\u00a0journal de l&rsquo;arthrite\u00a0\u00bb pour suivre mes traitements). Je suis all\u00e9e \u00e0 la biblioth\u00e8que pour chercher ce qui n&rsquo;allait pas. En 1988, j&rsquo;ai \u00e9t\u00e9 tr\u00e8s surprise de ne trouver que tr\u00e8s peu d&rsquo;informations utiles. Trois ou quatre livres de contes de vieilles femmes, un autre \u00e9crit par une femme qui avait ma\u00eetris\u00e9 son arthrite en nageant tous les jours, et un seul livre, du Dr James Fries, qui semblait concerner mon \u00e9tat. Il avait \u00e9labor\u00e9 un diagramme (des sympt\u00f4mes) qui permettait de d\u00e9terminer le type d&rsquo;arthrite dont on souffrait. Le mien, comme je le soup\u00e7onnais depuis le d\u00e9but, indiquait une PR. Bien qu&rsquo;il existe une centaine de types d&rsquo;arthrite, ils se r\u00e9partissent en deux cat\u00e9gories principales : l&rsquo;arthrose et l&rsquo;arthrite inflammatoire. La PR est l&rsquo;un de ces derniers types.<\/p>\n<p>Pendant ces 20 mois, j&rsquo;\u00e9tais dans la mis\u00e8re, je me sentais compl\u00e8tement seule. J&rsquo;ai essay\u00e9 un groupe de natation pour arthritiques (j&rsquo;ai toujours aim\u00e9 l&rsquo;eau) mais je me sentais trop fatigu\u00e9e et endolorie le lendemain. Les nuits \u00e9taient les pires, sans v\u00e9ritable repos.<\/p>\n<p>Le seul soulagement que j&rsquo;ai pu trouver a \u00e9t\u00e9 de glacer mes articulations pendant 15 minutes, je d\u00e9teste le froid, mais un coussin chauffant m&rsquo;a rendu fou de douleur. J&rsquo;ai essay\u00e9 de reprendre mes activit\u00e9s normales, mais je me suis sentie de plus en plus mal au fil des semaines. Les gens m&rsquo;ont dit de manger de l&rsquo;ail, des graines de lin moulues, de porter des bracelets en cuivre et de renoncer \u00e0 la viande, aux pommes de terre et aux tomates. Aucune de ces mesures n&rsquo;a fait la moindre diff\u00e9rence. Vous voyez le tableau. J&rsquo;\u00e9tais endolorie, raide, gonfl\u00e9e, enflamm\u00e9e et pleine d&rsquo;appr\u00e9hension.<\/p>\n\t\t\t\t\t\t\t\t<\/div>\n\t\t\t\t<\/div>\n\t\t\t\t\t<\/div>\n\t\t\t\t<\/div>\n\t\t<div class=\"elementor-element elementor-element-fad3683 e-flex e-con-boxed e-con e-parent\" data-id=\"fad3683\" data-element_type=\"container\" data-e-type=\"container\">\n\t\t\t\t\t<div class=\"e-con-inner\">\n\t\t\t\t<div class=\"elementor-element elementor-element-847ef49 elementor-widget elementor-widget-toggle\" data-id=\"847ef49\" data-element_type=\"widget\" data-e-type=\"widget\" data-widget_type=\"toggle.default\">\n\t\t\t\t<div class=\"elementor-widget-container\">\n\t\t\t\t\t\t\t<div class=\"elementor-toggle\">\n\t\t\t\t\t\t\t<div class=\"elementor-toggle-item\">\n\t\t\t\t\t<div id=\"elementor-tab-title-1381\" class=\"elementor-tab-title\" data-tab=\"1\" role=\"button\" aria-controls=\"elementor-tab-content-1381\" aria-expanded=\"false\">\n\t\t\t\t\t\t\t\t\t\t\t\t<span class=\"elementor-toggle-icon elementor-toggle-icon-left\" aria-hidden=\"true\">\n\t\t\t\t\t\t\t\t\t\t\t\t\t\t\t<span class=\"elementor-toggle-icon-closed\"><i class=\"fas fa-caret-right\"><\/i><\/span>\n\t\t\t\t\t\t\t\t<span class=\"elementor-toggle-icon-opened\"><i class=\"elementor-toggle-icon-opened fas fa-caret-up\"><\/i><\/span>\n\t\t\t\t\t\t\t\t\t\t\t\t\t<\/span>\n\t\t\t\t\t\t\t\t\t\t\t\t<a class=\"elementor-toggle-title\" tabindex=\"0\">Lire la suite<\/a>\n\t\t\t\t\t<\/div>\n\n\t\t\t\t\t<div id=\"elementor-tab-content-1381\" class=\"elementor-tab-content elementor-clearfix\" data-tab=\"1\" role=\"region\" aria-labelledby=\"elementor-tab-title-1381\"><p>En septembre, j&rsquo;ai repris le travail, \u00e0 temps partiel, en tant que technicienne de laboratoire dans une \u00e9cole. Certains matins, je me demandais comment j&rsquo;avais pu conduire jusqu&rsquo;ici. J&rsquo;ai essay\u00e9 le Plaquenil pendant cette p\u00e9riode, mais je n&rsquo;ai ressenti aucun effet. J&rsquo;\u00e9tais d\u00e9prim\u00e9. J&rsquo;ai commenc\u00e9 \u00e0 noter quotidiennement la douleur, en l&rsquo;\u00e9valuant de 1 \u00e0 5, 5 \u00e9tant la plus forte. Je me suis permis de juger jusqu&rsquo;\u00e0 3,9, uniquement parce que j&rsquo;avais l&rsquo;impression que si je d\u00e9passais 4, je serais perdue! Maintenant, je l&rsquo;ai aussi dans les genoux. J&rsquo;avais l&rsquo;air vieille, grise et finie! Puis une petite annonce dans un journal local a attir\u00e9 mon attention: \u00ab\u00a0Vous avez de l&rsquo;arthrite?\u00a0\u00bb et un num\u00e9ro de t\u00e9l\u00e9phone. Deux choses importantes se sont produites. J&rsquo;ai rejoint AWISH, j&rsquo;ai rencontr\u00e9 d&rsquo;autres personnes atteintes de PR et j&rsquo;ai r\u00e9alis\u00e9 que la cl\u00e9 de l&rsquo;aide \u00e9tait de trouver le bon m\u00e9dicament. J&rsquo;ai assist\u00e9 \u00e0 ma premi\u00e8re r\u00e9union. Un pot pour la petite monnaie \u00e9tait pos\u00e9 sur la table au moment de l&rsquo;inscription ; les cadres \u00e9taient sur la sc\u00e8ne. Une trentaine de personnes \u00e9taient pr\u00e9sentes. \u00ab\u00a0Regardez ces femmes qui rient et qui parlent\u00a0\u00bb Je me suis dit qu&rsquo;ils n&rsquo;avaient pas grand-chose \u00e0 se reprocher. Mais il y a eu Connie Jelley et Janet Clear-Barnes qui m&rsquo;ont particuli\u00e8rement attir\u00e9e et qui souffraient comme moi de polyarthrite rhumato\u00efde.<\/p>\n<p>J&rsquo;ai commenc\u00e9 le programme d&rsquo;autogestion de l&rsquo;arthrite qui comprend des informations sur les types d&rsquo;arthrite, les m\u00e9dicaments possibles, le r\u00e9gime alimentaire, l&rsquo;exercice, le repos et l&rsquo;activit\u00e9. Un peu plus tard, j&rsquo;ai commenc\u00e9 \u00e0 prendre un nouveau m\u00e9dicament, le m\u00e9thotrexate.<\/p>\n<p>J&rsquo;avais tr\u00e8s peur ; je n&rsquo;avais jamais entendu parler de ce m\u00e9dicament et les effets secondaires possibles semblaient effrayants. J&rsquo;ai d\u00fb signer un \u00ab\u00a0consentement \u00e9clair\u00e9\u00a0\u00bb pour l&rsquo;\u00e9tude, et il y avait la possibilit\u00e9 d&rsquo;une biopsie du foie apr\u00e8s deux ans. J&rsquo;ai commenc\u00e9 par prendre 3 comprim\u00e9s et presque imm\u00e9diatement mes \u00ab\u00a0indices de douleur\u00a0\u00bb ont commenc\u00e9 \u00e0 diminuer.<\/p>\n<p>Je me suis sentie de mieux en mieux. Je me suis inscrite au cours d&rsquo;exercice propos\u00e9 et Jody Rapp, puis Bev Colbeck, physioth\u00e9rapeutes, nous ont guid\u00e9es dans des exercices visant \u00e0 faire bouger toutes nos articulations touch\u00e9es en toute s\u00e9curit\u00e9. C&rsquo;est un groupe tr\u00e8s amical ; le fait d&rsquo;\u00eatre en contact avec d&rsquo;autres personnes m&rsquo;a permis d&rsquo;observer comment les autres se d\u00e9brouillaient. Une personne a chang\u00e9 ma vision de la vie! Janet souffre de polyarthrite rhumato\u00efde depuis l&rsquo;enfance ; ses mains ont \u00e9t\u00e9 op\u00e9r\u00e9es. Ils ne ressemblaient pas du tout \u00e0 ce qu&rsquo;ils auraient \u00e9t\u00e9 en temps normal. Mes mains \u00e9taient enfl\u00e9es et douloureuses. \u00ab\u00a0Comment acheter des gants?\u00a0\u00bb ai-je demand\u00e9. \u00ab\u00a0Oh, je ne porte pas de gants\u00a0\u00bb, r\u00e9pond Janet. J&rsquo;ai r\u00e9fl\u00e9chi profond\u00e9ment et j&rsquo;ai r\u00e9alis\u00e9 que si certaines choses ne sont pas possibles, il vaut mieux les ignorer autant que possible.<\/p>\n<p>Mon journal du 8 juillet 1989: \u00ab\u00a0Un jour de temps parfait, je suis beaucoup plus fort, et apr\u00e8s un d\u00e9part lent la semaine derni\u00e8re, je nage \u00e0 nouveau, pas fatigu\u00e9 tant que je n&rsquo;essaie pas d&rsquo;en faire trop ! Mais l&rsquo;effort raisonnable ne pose pas de probl\u00e8me, je peux \u00e0 nouveau planifier les choses. Mains excellentes\u00a0\u00bb. C&rsquo;est ainsi que les choses se sont pass\u00e9es. Je pense qu&rsquo;il m&rsquo;a fallu deux ans pour en tirer tous les b\u00e9n\u00e9fices.<\/p>\n<p>Cela ne signifiait pas que mon arthrite \u00e9tait gu\u00e9rie. Mais l&rsquo;inflammation, les malaises et la douleur ont \u00e9t\u00e9 tr\u00e8s bien contr\u00f4l\u00e9s. Au d\u00e9but, mes enzymes h\u00e9patiques \u00e9taient un peu \u00e9lev\u00e9es, mais elles sont normales depuis des ann\u00e9es. Je fais r\u00e9guli\u00e8rement des analyses de sang tous les deux mois. La seule chose que j&rsquo;ai remarqu\u00e9e, c&rsquo;est un mauvais go\u00fbt dans la bouche le samedi et le dimanche, les jours o\u00f9 je prends mon 6x 2,5 mg. Methotrexate et 5mg Leucovorin, et occasionnellement une sensation de faiblesse pendant quelques heures, mais je ne remarque plus ces effets.<\/p>\n<p>La progression de la maladie a \u00e9t\u00e9 ralentie. Je sais \u00e9crire, tricoter, coudre, marcher, jardiner et conduire. J&rsquo;essaie de me reposer.<\/p>\n<p>Tant d&rsquo;ann\u00e9es plus tard, je suis extr\u00eamement chanceux, je le sais. Je n&rsquo;ai plus de douleur et je ne prends qu&rsquo;une faible dose d&rsquo;entretien de m\u00e9thotrexate. Les m\u00e9decins ont dit que j&rsquo;aurais toujours besoin de quelque chose. Avec la pand\u00e9mie, les cours d&rsquo;exercices n&rsquo;ont pas pu avoir lieu, mais je continue obstin\u00e9ment ma routine \u00e0 la maison avec mes poids de deux livres, trois fois par semaine. Chaque jour, je marche le plus possible \u00e0 l&rsquo;ext\u00e9rieur avec mes b\u00e2tons de marche et je marche \u00e0 l&rsquo;int\u00e9rieur, en comptant mes pas, lorsque le temps est mauvais. Je vais bien!<\/p>\n<p>C&rsquo;est au cours de mes premi\u00e8res ann\u00e9es d&rsquo;arthrite que j&rsquo;ai appris \u00e0 vivre un jour \u00e0 la fois, une comp\u00e9tence qui m&rsquo;a toujours \u00e9t\u00e9 utile.  <\/p>\n<p>Comme pour de nombreuses maladies, il y a toujours de nouvelles informations, de nouveaux m\u00e9dicaments et de nouvelles opinions \u00e0 \u00e9valuer. Le bulletin d&rsquo;information de l&rsquo;AWISH, Coude-\u00e0-Coude est tr\u00e8s bien pr\u00e9sent\u00e9. Il contient des informations sur nos programmes et nos conf\u00e9renciers, ainsi que des articles de fond sur des sujets qui nous int\u00e9ressent tous. Pendant les journ\u00e9es Covid-19, le responsable du bureau d&rsquo;AWISH a souvent pu nous envoyer par e-mail des bribes d&rsquo;informations int\u00e9ressantes et importantes pour nous.<\/p>\n<p>Les personnes nouvellement diagnostiqu\u00e9es disposent aujourd&rsquo;hui de beaucoup plus de ressources. Mais je suis tellement reconnaissante lorsque je me souviens de mes jours de peur et de douleur. AWISH offre toujours une \u00e9ducation de qualit\u00e9, de l&rsquo;information, du soutien et de l&rsquo;amiti\u00e9 aux membres francophones et anglophones de l&rsquo;Ouest de l&rsquo;\u00cele de Montr\u00e9al&#8230;<\/p>\n<\/div>\n\t\t\t\t<\/div>\n\t\t\t\t\t\t\t\t<\/div>\n\t\t\t\t\t\t<\/div>\n\t\t\t\t<\/div>\n\t\t\t\t\t<\/div>\n\t\t\t\t<\/div>\n\t\t\t\t<\/div>\n\t\t","protected":false},"excerpt":{"rendered":"<p>Anne partage ses premi\u00e8res exp\u00e9riences pour enfin trouver des traitements qui ont fonctionn\u00e9 pour son cas &#8211; via la tenue d&rsquo;un journal pour mieux comprendre son \u00e9tat et les sentiments qu&rsquo;il provoque, la participation \u00e0 un groupe de soutien positif partageant les m\u00eames id\u00e9es et la d\u00e9couverte d&rsquo;un m\u00e9dicament qui a chang\u00e9 sa vie.<\/p>\n","protected":false},"author":1,"featured_media":4227,"comment_status":"closed","ping_status":"closed","sticky":false,"template":"","format":"standard","meta":{"give_campaign_id":0,"site-sidebar-layout":"default","site-content-layout":"","ast-site-content-layout":"default","site-content-style":"default","site-sidebar-style":"default","ast-global-header-display":"","ast-banner-title-visibility":"","ast-main-header-display":"","ast-hfb-above-header-display":"","ast-hfb-below-header-display":"","ast-hfb-mobile-header-display":"","site-post-title":"","ast-breadcrumbs-content":"","ast-featured-img":"","footer-sml-layout":"","ast-disable-related-posts":"","theme-transparent-header-meta":"","adv-header-id-meta":"","stick-header-meta":"","header-above-stick-meta":"","header-main-stick-meta":"","header-below-stick-meta":"","astra-migrate-meta-layouts":"default","ast-page-background-enabled":"default","ast-page-background-meta":{"desktop":{"background-color":"","background-image":"","background-repeat":"repeat","background-position":"center center","background-size":"auto","background-attachment":"scroll","background-type":"","background-media":"","overlay-type":"","overlay-color":"","overlay-opacity":"","overlay-gradient":""},"tablet":{"background-color":"","background-image":"","background-repeat":"repeat","background-position":"center center","background-size":"auto","background-attachment":"scroll","background-type":"","background-media":"","overlay-type":"","overlay-color":"","overlay-opacity":"","overlay-gradient":""},"mobile":{"background-color":"","background-image":"","background-repeat":"repeat","background-position":"center center","background-size":"auto","background-attachment":"scroll","background-type":"","background-media":"","overlay-type":"","overlay-color":"","overlay-opacity":"","overlay-gradient":""}},"ast-content-background-meta":{"desktop":{"background-color":"var(--ast-global-color-5)","background-image":"","background-repeat":"repeat","background-position":"center center","background-size":"auto","background-attachment":"scroll","background-type":"","background-media":"","overlay-type":"","overlay-color":"","overlay-opacity":"","overlay-gradient":""},"tablet":{"background-color":"var(--ast-global-color-5)","background-image":"","background-repeat":"repeat","background-position":"center center","background-size":"auto","background-attachment":"scroll","background-type":"","background-media":"","overlay-type":"","overlay-color":"","overlay-opacity":"","overlay-gradient":""},"mobile":{"background-color":"var(--ast-global-color-5)","background-image":"","background-repeat":"repeat","background-position":"center center","background-size":"auto","background-attachment":"scroll","background-type":"","background-media":"","overlay-type":"","overlay-color":"","overlay-opacity":"","overlay-gradient":""}},"footnotes":""},"categories":[29],"tags":[],"class_list":["post-4069","post","type-post","status-publish","format-standard","has-post-thumbnail","hentry","category-histoires-partagees"],"yoast_head":"<!-- This site is optimized with the Yoast SEO plugin v27.3 - https:\/\/yoast.com\/product\/yoast-seo-wordpress\/ -->\n<title>Anne: Mon Exp\u00e9rience Avec Le Methotrexate - AWISH<\/title>\n<meta name=\"robots\" content=\"index, follow, max-snippet:-1, max-image-preview:large, max-video-preview:-1\" \/>\n<link rel=\"canonical\" href=\"https:\/\/awishmontreal.org\/fr\/2023\/11\/21\/mon-experience-avec-le-methotrexate\/\" \/>\n<meta property=\"og:locale\" content=\"fr_FR\" \/>\n<meta property=\"og:type\" content=\"article\" \/>\n<meta property=\"og:title\" content=\"Anne: Mon Exp\u00e9rience Avec Le Methotrexate - AWISH\" \/>\n<meta property=\"og:description\" content=\"Anne partage ses premi\u00e8res exp\u00e9riences pour enfin trouver des traitements qui ont fonctionn\u00e9 pour son cas - via la tenue d&#039;un journal pour mieux comprendre son \u00e9tat et les sentiments qu&#039;il provoque, la participation \u00e0 un groupe de soutien positif partageant les m\u00eames id\u00e9es et la d\u00e9couverte d&#039;un m\u00e9dicament qui a chang\u00e9 sa vie.\" \/>\n<meta property=\"og:url\" content=\"https:\/\/awishmontreal.org\/fr\/2023\/11\/21\/mon-experience-avec-le-methotrexate\/\" \/>\n<meta property=\"og:site_name\" content=\"AWISH\" \/>\n<meta property=\"article:publisher\" content=\"https:\/\/www.facebook.com\/profile.php?id=100069131421005&amp;ref=hl\" \/>\n<meta property=\"article:published_time\" content=\"2023-11-21T21:57:50+00:00\" \/>\n<meta property=\"article:modified_time\" content=\"2024-07-13T14:41:49+00:00\" \/>\n<meta property=\"og:image\" content=\"https:\/\/awishmontreal.org\/wp-content\/uploads\/2023\/11\/image231.jpeg\" \/>\n\t<meta property=\"og:image:width\" content=\"2048\" \/>\n\t<meta property=\"og:image:height\" content=\"1638\" \/>\n\t<meta property=\"og:image:type\" content=\"image\/jpeg\" \/>\n<meta name=\"author\" content=\"awish\" \/>\n<meta name=\"twitter:card\" content=\"summary_large_image\" \/>\n<meta name=\"twitter:label1\" content=\"\u00c9crit par\" \/>\n\t<meta name=\"twitter:data1\" content=\"awish\" \/>\n\t<meta name=\"twitter:label2\" content=\"Dur\u00e9e de lecture estim\u00e9e\" \/>\n\t<meta name=\"twitter:data2\" content=\"9 minutes\" \/>\n<script type=\"application\/ld+json\" class=\"yoast-schema-graph\">{\"@context\":\"https:\\\/\\\/schema.org\",\"@graph\":[{\"@type\":\"Article\",\"@id\":\"https:\\\/\\\/awishmontreal.org\\\/fr\\\/2023\\\/11\\\/21\\\/mon-experience-avec-le-methotrexate\\\/#article\",\"isPartOf\":{\"@id\":\"https:\\\/\\\/awishmontreal.org\\\/fr\\\/2023\\\/11\\\/21\\\/mon-experience-avec-le-methotrexate\\\/\"},\"author\":{\"name\":\"awish\",\"@id\":\"https:\\\/\\\/awishmontreal.org\\\/#\\\/schema\\\/person\\\/5238f57b86ff974da6d3765834e95054\"},\"headline\":\"Anne: Mon Exp\u00e9rience Avec Le Methotrexate\",\"datePublished\":\"2023-11-21T21:57:50+00:00\",\"dateModified\":\"2024-07-13T14:41:49+00:00\",\"mainEntityOfPage\":{\"@id\":\"https:\\\/\\\/awishmontreal.org\\\/fr\\\/2023\\\/11\\\/21\\\/mon-experience-avec-le-methotrexate\\\/\"},\"wordCount\":1888,\"publisher\":{\"@id\":\"https:\\\/\\\/awishmontreal.org\\\/#organization\"},\"image\":{\"@id\":\"https:\\\/\\\/awishmontreal.org\\\/fr\\\/2023\\\/11\\\/21\\\/mon-experience-avec-le-methotrexate\\\/#primaryimage\"},\"thumbnailUrl\":\"https:\\\/\\\/awishmontreal.org\\\/wp-content\\\/uploads\\\/2023\\\/11\\\/image231.jpeg\",\"articleSection\":[\"Histoires partag\u00e9es\"],\"inLanguage\":\"fr-FR\"},{\"@type\":\"WebPage\",\"@id\":\"https:\\\/\\\/awishmontreal.org\\\/fr\\\/2023\\\/11\\\/21\\\/mon-experience-avec-le-methotrexate\\\/\",\"url\":\"https:\\\/\\\/awishmontreal.org\\\/fr\\\/2023\\\/11\\\/21\\\/mon-experience-avec-le-methotrexate\\\/\",\"name\":\"Anne: Mon Exp\u00e9rience Avec Le Methotrexate - AWISH\",\"isPartOf\":{\"@id\":\"https:\\\/\\\/awishmontreal.org\\\/#website\"},\"primaryImageOfPage\":{\"@id\":\"https:\\\/\\\/awishmontreal.org\\\/fr\\\/2023\\\/11\\\/21\\\/mon-experience-avec-le-methotrexate\\\/#primaryimage\"},\"image\":{\"@id\":\"https:\\\/\\\/awishmontreal.org\\\/fr\\\/2023\\\/11\\\/21\\\/mon-experience-avec-le-methotrexate\\\/#primaryimage\"},\"thumbnailUrl\":\"https:\\\/\\\/awishmontreal.org\\\/wp-content\\\/uploads\\\/2023\\\/11\\\/image231.jpeg\",\"datePublished\":\"2023-11-21T21:57:50+00:00\",\"dateModified\":\"2024-07-13T14:41:49+00:00\",\"breadcrumb\":{\"@id\":\"https:\\\/\\\/awishmontreal.org\\\/fr\\\/2023\\\/11\\\/21\\\/mon-experience-avec-le-methotrexate\\\/#breadcrumb\"},\"inLanguage\":\"fr-FR\",\"potentialAction\":[{\"@type\":\"ReadAction\",\"target\":[\"https:\\\/\\\/awishmontreal.org\\\/fr\\\/2023\\\/11\\\/21\\\/mon-experience-avec-le-methotrexate\\\/\"]}]},{\"@type\":\"ImageObject\",\"inLanguage\":\"fr-FR\",\"@id\":\"https:\\\/\\\/awishmontreal.org\\\/fr\\\/2023\\\/11\\\/21\\\/mon-experience-avec-le-methotrexate\\\/#primaryimage\",\"url\":\"https:\\\/\\\/awishmontreal.org\\\/wp-content\\\/uploads\\\/2023\\\/11\\\/image231.jpeg\",\"contentUrl\":\"https:\\\/\\\/awishmontreal.org\\\/wp-content\\\/uploads\\\/2023\\\/11\\\/image231.jpeg\",\"width\":2048,\"height\":1638,\"caption\":\"Anne Pallen\"},{\"@type\":\"BreadcrumbList\",\"@id\":\"https:\\\/\\\/awishmontreal.org\\\/fr\\\/2023\\\/11\\\/21\\\/mon-experience-avec-le-methotrexate\\\/#breadcrumb\",\"itemListElement\":[{\"@type\":\"ListItem\",\"position\":1,\"name\":\"Home\",\"item\":\"https:\\\/\\\/awishmontreal.org\\\/\"},{\"@type\":\"ListItem\",\"position\":2,\"name\":\"Anne: Mon Exp\u00e9rience Avec Le Methotrexate\"}]},{\"@type\":\"WebSite\",\"@id\":\"https:\\\/\\\/awishmontreal.org\\\/#website\",\"url\":\"https:\\\/\\\/awishmontreal.org\\\/\",\"name\":\"AWISH\",\"description\":\"\",\"publisher\":{\"@id\":\"https:\\\/\\\/awishmontreal.org\\\/#organization\"},\"potentialAction\":[{\"@type\":\"SearchAction\",\"target\":{\"@type\":\"EntryPoint\",\"urlTemplate\":\"https:\\\/\\\/awishmontreal.org\\\/?s={search_term_string}\"},\"query-input\":{\"@type\":\"PropertyValueSpecification\",\"valueRequired\":true,\"valueName\":\"search_term_string\"}}],\"inLanguage\":\"fr-FR\"},{\"@type\":\"Organization\",\"@id\":\"https:\\\/\\\/awishmontreal.org\\\/#organization\",\"name\":\"AWISH\",\"url\":\"https:\\\/\\\/awishmontreal.org\\\/\",\"logo\":{\"@type\":\"ImageObject\",\"inLanguage\":\"fr-FR\",\"@id\":\"https:\\\/\\\/awishmontreal.org\\\/#\\\/schema\\\/logo\\\/image\\\/\",\"url\":\"https:\\\/\\\/awishmontreal.org\\\/wp-content\\\/uploads\\\/2023\\\/10\\\/cropped-FCP_LOGO_approved_rev-e1698357534241-1.png\",\"contentUrl\":\"https:\\\/\\\/awishmontreal.org\\\/wp-content\\\/uploads\\\/2023\\\/10\\\/cropped-FCP_LOGO_approved_rev-e1698357534241-1.png\",\"width\":602,\"height\":285,\"caption\":\"AWISH\"},\"image\":{\"@id\":\"https:\\\/\\\/awishmontreal.org\\\/#\\\/schema\\\/logo\\\/image\\\/\"},\"sameAs\":[\"https:\\\/\\\/www.facebook.com\\\/profile.php?id=100069131421005&ref=hl\"]},{\"@type\":\"Person\",\"@id\":\"https:\\\/\\\/awishmontreal.org\\\/#\\\/schema\\\/person\\\/5238f57b86ff974da6d3765834e95054\",\"name\":\"awish\",\"image\":{\"@type\":\"ImageObject\",\"inLanguage\":\"fr-FR\",\"@id\":\"https:\\\/\\\/secure.gravatar.com\\\/avatar\\\/4d664c83d6c4d839e8f85d6197df97fbb5128b034b94b8264997d62c60e0bd66?s=96&d=mm&r=g\",\"url\":\"https:\\\/\\\/secure.gravatar.com\\\/avatar\\\/4d664c83d6c4d839e8f85d6197df97fbb5128b034b94b8264997d62c60e0bd66?s=96&d=mm&r=g\",\"contentUrl\":\"https:\\\/\\\/secure.gravatar.com\\\/avatar\\\/4d664c83d6c4d839e8f85d6197df97fbb5128b034b94b8264997d62c60e0bd66?s=96&d=mm&r=g\",\"caption\":\"awish\"},\"sameAs\":[\"https:\\\/\\\/awishmontreal.org\"],\"url\":\"https:\\\/\\\/awishmontreal.org\\\/fr\\\/author\\\/awish\\\/\"}]}<\/script>\n<!-- \/ Yoast SEO plugin. -->","yoast_head_json":{"title":"Anne: Mon Exp\u00e9rience Avec Le Methotrexate - AWISH","robots":{"index":"index","follow":"follow","max-snippet":"max-snippet:-1","max-image-preview":"max-image-preview:large","max-video-preview":"max-video-preview:-1"},"canonical":"https:\/\/awishmontreal.org\/fr\/2023\/11\/21\/mon-experience-avec-le-methotrexate\/","og_locale":"fr_FR","og_type":"article","og_title":"Anne: Mon Exp\u00e9rience Avec Le Methotrexate - AWISH","og_description":"Anne partage ses premi\u00e8res exp\u00e9riences pour enfin trouver des traitements qui ont fonctionn\u00e9 pour son cas - via la tenue d'un journal pour mieux comprendre son \u00e9tat et les sentiments qu'il provoque, la participation \u00e0 un groupe de soutien positif partageant les m\u00eames id\u00e9es et la d\u00e9couverte d'un m\u00e9dicament qui a chang\u00e9 sa vie.","og_url":"https:\/\/awishmontreal.org\/fr\/2023\/11\/21\/mon-experience-avec-le-methotrexate\/","og_site_name":"AWISH","article_publisher":"https:\/\/www.facebook.com\/profile.php?id=100069131421005&ref=hl","article_published_time":"2023-11-21T21:57:50+00:00","article_modified_time":"2024-07-13T14:41:49+00:00","og_image":[{"width":2048,"height":1638,"url":"https:\/\/awishmontreal.org\/wp-content\/uploads\/2023\/11\/image231.jpeg","type":"image\/jpeg"}],"author":"awish","twitter_card":"summary_large_image","twitter_misc":{"\u00c9crit par":"awish","Dur\u00e9e de lecture estim\u00e9e":"9 minutes"},"schema":{"@context":"https:\/\/schema.org","@graph":[{"@type":"Article","@id":"https:\/\/awishmontreal.org\/fr\/2023\/11\/21\/mon-experience-avec-le-methotrexate\/#article","isPartOf":{"@id":"https:\/\/awishmontreal.org\/fr\/2023\/11\/21\/mon-experience-avec-le-methotrexate\/"},"author":{"name":"awish","@id":"https:\/\/awishmontreal.org\/#\/schema\/person\/5238f57b86ff974da6d3765834e95054"},"headline":"Anne: Mon Exp\u00e9rience Avec Le Methotrexate","datePublished":"2023-11-21T21:57:50+00:00","dateModified":"2024-07-13T14:41:49+00:00","mainEntityOfPage":{"@id":"https:\/\/awishmontreal.org\/fr\/2023\/11\/21\/mon-experience-avec-le-methotrexate\/"},"wordCount":1888,"publisher":{"@id":"https:\/\/awishmontreal.org\/#organization"},"image":{"@id":"https:\/\/awishmontreal.org\/fr\/2023\/11\/21\/mon-experience-avec-le-methotrexate\/#primaryimage"},"thumbnailUrl":"https:\/\/awishmontreal.org\/wp-content\/uploads\/2023\/11\/image231.jpeg","articleSection":["Histoires partag\u00e9es"],"inLanguage":"fr-FR"},{"@type":"WebPage","@id":"https:\/\/awishmontreal.org\/fr\/2023\/11\/21\/mon-experience-avec-le-methotrexate\/","url":"https:\/\/awishmontreal.org\/fr\/2023\/11\/21\/mon-experience-avec-le-methotrexate\/","name":"Anne: Mon Exp\u00e9rience Avec Le Methotrexate - AWISH","isPartOf":{"@id":"https:\/\/awishmontreal.org\/#website"},"primaryImageOfPage":{"@id":"https:\/\/awishmontreal.org\/fr\/2023\/11\/21\/mon-experience-avec-le-methotrexate\/#primaryimage"},"image":{"@id":"https:\/\/awishmontreal.org\/fr\/2023\/11\/21\/mon-experience-avec-le-methotrexate\/#primaryimage"},"thumbnailUrl":"https:\/\/awishmontreal.org\/wp-content\/uploads\/2023\/11\/image231.jpeg","datePublished":"2023-11-21T21:57:50+00:00","dateModified":"2024-07-13T14:41:49+00:00","breadcrumb":{"@id":"https:\/\/awishmontreal.org\/fr\/2023\/11\/21\/mon-experience-avec-le-methotrexate\/#breadcrumb"},"inLanguage":"fr-FR","potentialAction":[{"@type":"ReadAction","target":["https:\/\/awishmontreal.org\/fr\/2023\/11\/21\/mon-experience-avec-le-methotrexate\/"]}]},{"@type":"ImageObject","inLanguage":"fr-FR","@id":"https:\/\/awishmontreal.org\/fr\/2023\/11\/21\/mon-experience-avec-le-methotrexate\/#primaryimage","url":"https:\/\/awishmontreal.org\/wp-content\/uploads\/2023\/11\/image231.jpeg","contentUrl":"https:\/\/awishmontreal.org\/wp-content\/uploads\/2023\/11\/image231.jpeg","width":2048,"height":1638,"caption":"Anne Pallen"},{"@type":"BreadcrumbList","@id":"https:\/\/awishmontreal.org\/fr\/2023\/11\/21\/mon-experience-avec-le-methotrexate\/#breadcrumb","itemListElement":[{"@type":"ListItem","position":1,"name":"Home","item":"https:\/\/awishmontreal.org\/"},{"@type":"ListItem","position":2,"name":"Anne: Mon Exp\u00e9rience Avec Le Methotrexate"}]},{"@type":"WebSite","@id":"https:\/\/awishmontreal.org\/#website","url":"https:\/\/awishmontreal.org\/","name":"AWISH","description":"","publisher":{"@id":"https:\/\/awishmontreal.org\/#organization"},"potentialAction":[{"@type":"SearchAction","target":{"@type":"EntryPoint","urlTemplate":"https:\/\/awishmontreal.org\/?s={search_term_string}"},"query-input":{"@type":"PropertyValueSpecification","valueRequired":true,"valueName":"search_term_string"}}],"inLanguage":"fr-FR"},{"@type":"Organization","@id":"https:\/\/awishmontreal.org\/#organization","name":"AWISH","url":"https:\/\/awishmontreal.org\/","logo":{"@type":"ImageObject","inLanguage":"fr-FR","@id":"https:\/\/awishmontreal.org\/#\/schema\/logo\/image\/","url":"https:\/\/awishmontreal.org\/wp-content\/uploads\/2023\/10\/cropped-FCP_LOGO_approved_rev-e1698357534241-1.png","contentUrl":"https:\/\/awishmontreal.org\/wp-content\/uploads\/2023\/10\/cropped-FCP_LOGO_approved_rev-e1698357534241-1.png","width":602,"height":285,"caption":"AWISH"},"image":{"@id":"https:\/\/awishmontreal.org\/#\/schema\/logo\/image\/"},"sameAs":["https:\/\/www.facebook.com\/profile.php?id=100069131421005&ref=hl"]},{"@type":"Person","@id":"https:\/\/awishmontreal.org\/#\/schema\/person\/5238f57b86ff974da6d3765834e95054","name":"awish","image":{"@type":"ImageObject","inLanguage":"fr-FR","@id":"https:\/\/secure.gravatar.com\/avatar\/4d664c83d6c4d839e8f85d6197df97fbb5128b034b94b8264997d62c60e0bd66?s=96&d=mm&r=g","url":"https:\/\/secure.gravatar.com\/avatar\/4d664c83d6c4d839e8f85d6197df97fbb5128b034b94b8264997d62c60e0bd66?s=96&d=mm&r=g","contentUrl":"https:\/\/secure.gravatar.com\/avatar\/4d664c83d6c4d839e8f85d6197df97fbb5128b034b94b8264997d62c60e0bd66?s=96&d=mm&r=g","caption":"awish"},"sameAs":["https:\/\/awishmontreal.org"],"url":"https:\/\/awishmontreal.org\/fr\/author\/awish\/"}]}},"_links":{"self":[{"href":"https:\/\/awishmontreal.org\/fr\/wp-json\/wp\/v2\/posts\/4069","targetHints":{"allow":["GET"]}}],"collection":[{"href":"https:\/\/awishmontreal.org\/fr\/wp-json\/wp\/v2\/posts"}],"about":[{"href":"https:\/\/awishmontreal.org\/fr\/wp-json\/wp\/v2\/types\/post"}],"author":[{"embeddable":true,"href":"https:\/\/awishmontreal.org\/fr\/wp-json\/wp\/v2\/users\/1"}],"replies":[{"embeddable":true,"href":"https:\/\/awishmontreal.org\/fr\/wp-json\/wp\/v2\/comments?post=4069"}],"version-history":[{"count":4,"href":"https:\/\/awishmontreal.org\/fr\/wp-json\/wp\/v2\/posts\/4069\/revisions"}],"predecessor-version":[{"id":7016,"href":"https:\/\/awishmontreal.org\/fr\/wp-json\/wp\/v2\/posts\/4069\/revisions\/7016"}],"wp:featuredmedia":[{"embeddable":true,"href":"https:\/\/awishmontreal.org\/fr\/wp-json\/wp\/v2\/media\/4227"}],"wp:attachment":[{"href":"https:\/\/awishmontreal.org\/fr\/wp-json\/wp\/v2\/media?parent=4069"}],"wp:term":[{"taxonomy":"category","embeddable":true,"href":"https:\/\/awishmontreal.org\/fr\/wp-json\/wp\/v2\/categories?post=4069"},{"taxonomy":"post_tag","embeddable":true,"href":"https:\/\/awishmontreal.org\/fr\/wp-json\/wp\/v2\/tags?post=4069"}],"curies":[{"name":"wp","href":"https:\/\/api.w.org\/{rel}","templated":true}]}}