{"id":4062,"date":"2023-11-21T17:12:07","date_gmt":"2023-11-21T22:12:07","guid":{"rendered":"https:\/\/awishmontreal.org\/2023\/11\/21\/lhistoire-de-barb\/"},"modified":"2024-07-13T16:09:06","modified_gmt":"2024-07-13T20:09:06","slug":"lhistoire-de-barb","status":"publish","type":"post","link":"https:\/\/awishmontreal.org\/fr\/2023\/11\/21\/lhistoire-de-barb\/","title":{"rendered":"L&rsquo;histoire de Barb"},"content":{"rendered":"\t\t<div data-elementor-type=\"wp-post\" data-elementor-id=\"4062\" class=\"elementor elementor-4062 elementor-2940\" data-elementor-post-type=\"post\">\n\t\t\t\t<div class=\"elementor-element elementor-element-d7268a7 e-flex e-con-boxed e-con e-parent\" data-id=\"d7268a7\" data-element_type=\"container\" data-e-type=\"container\">\n\t\t\t\t\t<div class=\"e-con-inner\">\n\t\t\t\t<div class=\"elementor-element elementor-element-6a28a160 elementor-widget elementor-widget-text-editor\" data-id=\"6a28a160\" data-element_type=\"widget\" data-e-type=\"widget\" data-widget_type=\"text-editor.default\">\n\t\t\t\t<div class=\"elementor-widget-container\">\n\t\t\t\t\t\t\t\t\t<p><strong>par Barbara Chartrand<\/strong><\/p>\n<p><em>Barbara Chartrand est un membre de longue date et une ancienne tr\u00e9sori\u00e8re d&rsquo;AWISH, ainsi qu&rsquo;une \u00ab\u00a0b\u00e9n\u00e9vole de l&rsquo;ann\u00e9e\u00a0\u00bb du West Island Volunteer Bureau. Elle \u00e9tait une animatrice d\u00e9vou\u00e9e du programme AWISH d&rsquo;autogestion de l&rsquo;arthrite.<\/em><\/p>\n<p><strong>\u00ab\u00a0La d\u00e9tresse peut d\u00e9clencher une pouss\u00e9e et je dois me rappeler qu\u2019il est important de briser un cycle n\u00e9gatif de pens\u00e9es et de sentiments.\u00a0\u00bb<\/strong><\/p>\n<p>\u00c0 la mi-juin 1992, j&rsquo;ai soudain \u00e9t\u00e9 tellement enfl\u00e9e que j&rsquo;ai cru mourir. Je vivais avec quelques douleurs depuis quelques ann\u00e9es et j&rsquo;avais l&rsquo;impression de m&rsquo;en sortir correctement. Quoi qu&rsquo;il en soit, je les ai en quelque sorte ignor\u00e9s. J&rsquo;ai \u00e9t\u00e9 tr\u00e8s occup\u00e9e par le d\u00e9c\u00e8s de ma belle-m\u00e8re, puis par la prise en charge et le d\u00e9c\u00e8s de mon cher mari.<\/p>\n<p>Mais ce nouveau d\u00e9veloppement \u00e9tait soudain, s\u00e9rieux et tr\u00e8s effrayant, et mon rhumatologue habituel \u00e9tait absent. Je pense que j&rsquo;ai eu beaucoup de chance que ce soit la fin de l&rsquo;ann\u00e9e scolaire et que les listes de patients soient plus l\u00e9g\u00e8res, car j&rsquo;ai pu obtenir un rendez-vous avec un autre rhumatologue le 23 juin. On m&rsquo;a diagnostiqu\u00e9 une polyarthrite rhumato\u00efde. Elle m&rsquo;a imm\u00e9diatement mis sous prednisone, juste pour couvrir les deux jours jusqu&rsquo;\u00e0 ce que mon rhumatologue revienne. J&rsquo;ai eu la chance de pouvoir le voir tout de suite. Le 1er juillet, je me suis retrouv\u00e9e au Centre juif de r\u00e9adaptation pour six semaines de traitements, de physioth\u00e9rapie intensive et d&rsquo;ergoth\u00e9rapie. J&rsquo;ai pris de la prednisone jusqu&rsquo;en 1999.<\/p>\n<p>C&rsquo;est le Rehab qui m&rsquo;a fait d\u00e9couvrir les bains de glace. Ils m&rsquo;ont plac\u00e9, en short et en T-shirt, sur un lit de glace recouvert d&rsquo;un drap. Ils ont mis de la glace sur mes chevilles, mes genoux, mes hanches, mon cou, mes coudes et mes mains. Je suis rest\u00e9e allong\u00e9e pendant 20 minutes&#8230; apr\u00e8s, je me suis sentie tellement bien &#8211; soulag\u00e9e!<\/p>\n<p>Aujourd&rsquo;hui encore, si j&rsquo;ai vraiment mal, je me fais couler un bain d&rsquo;eau froide et j&rsquo;ajoute des sachets de cong\u00e9lation que j&rsquo;ai toujours \u00e0 port\u00e9e de main. J&rsquo;ai une tasse de th\u00e9 chaud pr\u00eate \u00e0 l&#8217;emploi et le lit est baiss\u00e9 pour moi. Je trouve que le simple fait de faire couler de l&rsquo;eau froide sur l&rsquo;articulation ou d&rsquo;appliquer une poche de glace (ou un sac de petits pois congel\u00e9s) peut \u00eatre d&rsquo;une grande aide. Le froid est toujours suivi de la chaleur.<\/p>\n<p>J&rsquo;ai quitt\u00e9 le Rehab le vendredi et on m&rsquo;a donn\u00e9 le num\u00e9ro de t\u00e9l\u00e9phone de Connie Jelley. Elle avait organis\u00e9 un groupe appel\u00e9 AWISH (Association d&rsquo;entraide d&rsquo;arthrite de l&rsquo;Ouest de l&rsquo;\u00cele). Je l&rsquo;ai appel\u00e9e dimanche. Le lendemain matin, elle et son mari sont venus avec du caf\u00e9 et des beignets.  <\/p>\n<p>Connie m&rsquo;a parl\u00e9 de leur r\u00e9union sur l&rsquo;arthrite la semaine suivante. J&rsquo;y suis all\u00e9 et, la semaine suivante, j&rsquo;ai assist\u00e9 \u00e0 une autre r\u00e9union. En septembre, j&rsquo;ai assist\u00e9 \u00e0 un \u00e9v\u00e9nement qu&rsquo;ils ont organis\u00e9 au Centre Sarto Desnoyers \u00e0 Dorval. En octobre, j&rsquo;ai particip\u00e9 \u00e0 toutes les r\u00e9unions r\u00e9guli\u00e8res. \u00c0 l&rsquo;\u00e9poque, il y avait un bureau, mais nous n&rsquo;avions pas les moyens de recruter du personnel. J&rsquo;ai donc pris en charge les t\u00e2ches administratives et les appels deux jours par semaine, en partageant la charge avec d&rsquo;autres b\u00e9n\u00e9voles.<\/p>\n\t\t\t\t\t\t\t\t<\/div>\n\t\t\t\t<\/div>\n\t\t\t\t\t<\/div>\n\t\t\t\t<\/div>\n\t\t<div class=\"elementor-element elementor-element-fad3683 e-flex e-con-boxed e-con e-parent\" data-id=\"fad3683\" data-element_type=\"container\" data-e-type=\"container\">\n\t\t\t\t\t<div class=\"e-con-inner\">\n\t\t\t\t<div class=\"elementor-element elementor-element-847ef49 elementor-widget elementor-widget-toggle\" data-id=\"847ef49\" data-element_type=\"widget\" data-e-type=\"widget\" data-widget_type=\"toggle.default\">\n\t\t\t\t<div class=\"elementor-widget-container\">\n\t\t\t\t\t\t\t<div class=\"elementor-toggle\">\n\t\t\t\t\t\t\t<div class=\"elementor-toggle-item\">\n\t\t\t\t\t<div id=\"elementor-tab-title-1381\" class=\"elementor-tab-title\" data-tab=\"1\" role=\"button\" aria-controls=\"elementor-tab-content-1381\" aria-expanded=\"false\">\n\t\t\t\t\t\t\t\t\t\t\t\t<span class=\"elementor-toggle-icon elementor-toggle-icon-left\" aria-hidden=\"true\">\n\t\t\t\t\t\t\t\t\t\t\t\t\t\t\t<span class=\"elementor-toggle-icon-closed\"><i class=\"fas fa-caret-right\"><\/i><\/span>\n\t\t\t\t\t\t\t\t<span class=\"elementor-toggle-icon-opened\"><i class=\"elementor-toggle-icon-opened fas fa-caret-up\"><\/i><\/span>\n\t\t\t\t\t\t\t\t\t\t\t\t\t<\/span>\n\t\t\t\t\t\t\t\t\t\t\t\t<a class=\"elementor-toggle-title\" tabindex=\"0\">Lire la suite<\/a>\n\t\t\t\t\t<\/div>\n\n\t\t\t\t\t<div id=\"elementor-tab-content-1381\" class=\"elementor-tab-content elementor-clearfix\" data-tab=\"1\" role=\"region\" aria-labelledby=\"elementor-tab-title-1381\"><p>Au cours de l&rsquo;hiver 1993, j&rsquo;ai particip\u00e9 au Programme d&rsquo;autogestion de l&rsquo;arthrite (PAGA) offert au Qu\u00e9bec par Connie. Je souffrais encore &#8211; j&rsquo;essayais de faire n&rsquo;importe quoi. J&rsquo;ai suivi le cours de six semaines pendant six mois. Je le laisserais un peu de c\u00f4t\u00e9 et j&rsquo;y reviendrais de temps en temps. Je me suis vite rendu compte que chaque fois que j&rsquo;y revenais, je me sentais mieux. C&rsquo;\u00e9tait l&rsquo;outil qu&rsquo;il me fallait! En 2002, j&rsquo;ai suivi la formation intensive d&rsquo;animateur et j&rsquo;ai commenc\u00e9 \u00e0 donner des cours en 2003.<\/p>\n<p>Je n&rsquo;avais jamais fait de b\u00e9n\u00e9volat auparavant. Il m&rsquo;aide physiquement, mentalement et \u00e9motionnellement. Je ne m&rsquo;attarde plus sur mes propres malheurs. Je suis devenu plus agile, plus positif et plus confiant. La douleur s&rsquo;att\u00e9nue lorsque je travaille avec d&rsquo;autres personnes, comme c&rsquo;est le cas pour d&rsquo;autres \u00e9v\u00e9nements heureux (comme mon nouvel amour, Rollie). Le bon conseil est donc de rechercher et de se concentrer sur les aspects positifs !<\/p>\n<p>Il a \u00e9t\u00e9 extr\u00eamement gratifiant d&rsquo;aider les autres tout en am\u00e9liorant ma propre situation &#8211; les responsables suivent leur propre plan d&rsquo;action personnel avec le reste des participants. Le cours apporte toujours de nouvelles id\u00e9es pour un mode de vie plus sain, du temps pour soi, de l&rsquo;exercice, la gestion de la douleur et la relaxation.<\/p>\n<p>Bien s\u00fbr, tout n&rsquo;est pas rose, tout le temps. Les gens peuvent voir que je souffre, car je suis vraiment malheureuse.  <\/p>\n<p>La d\u00e9tresse peut d\u00e9clencher une pouss\u00e9e et je dois me rappeler qu&rsquo;il est important de rompre un cycle n\u00e9gatif de pens\u00e9es et de sentiments. J&rsquo;ai appris \u00e0 dire \u00ab\u00a0non\u00a0\u00bb aux gens et \u00e0 faire savoir \u00e0 ma famille et \u00e0 mes amis ce que je traverse. Dire \u00ab\u00a0non\u00a0\u00bb signifie que je ne peux pas, \u00e0 ce moment-l\u00e0. Les choses changent.<\/p>\n<p>Lorsque le diagnostic a \u00e9t\u00e9 pos\u00e9, j&rsquo;ai eu tr\u00e8s peur. Je ne savais pas \u00e0 quoi m&rsquo;attendre ni ce que je devais croire. J&rsquo;ai re\u00e7u trop d&rsquo;histoires de tout le monde. Je n&rsquo;\u00e9tais pas capable de faire des choses simples comme ouvrir des bocaux (mon r\u00e9frig\u00e9rateur \u00e9tait plein de r\u00e9cipients que ma s\u0153ur avait laiss\u00e9s ouverts pour moi avec une note sur l&rsquo;ext\u00e9rieur du r\u00e9frig\u00e9rateur pour avertir les autres). J&rsquo;ai eu l&rsquo;impression que mon monde s&rsquo;\u00e9croulait. Je ne voyais que ce que je ne pouvais plus faire et j&rsquo;imaginais un avenir sombre.<\/p>\n<p>Je vous conseille, si vous commencez \u00e0 vous sentir comme \u00e7a, de vous adresser \u00e0 un groupe de soutien. Plus t\u00f4t vous apprendrez \u00e0 accepter la situation, plus t\u00f4t vous pourrez l&rsquo;am\u00e9liorer. Vous avez besoin de parler et d&rsquo;exprimer ce que vous vivez ; comparez vos notes, vos id\u00e9es, ce qui fonctionne et ce qui ne fonctionne pas. Modifiez vos attentes pr\u00e9con\u00e7ues ; red\u00e9finissez vos limites et vos capacit\u00e9s. Concentrez-vous sur ce que vous pouvez faire et partez de l\u00e0<\/p>\n<p>Il n&rsquo;est pas facile de se rendre \u00e0 des r\u00e9unions ou de parler de sa situation, mais cela aide, m\u00eame si l&rsquo;on se contente d&rsquo;\u00e9couter les orateurs et les r\u00e9ponses des autres. Vous pouvez commencer \u00e0 parler avec les personnes avec lesquelles vous avez un bon contact. Je sais que si je n&rsquo;avais pas particip\u00e9 \u00e0 AWISH et \u00e0 l&rsquo;ASMP, je ne serais pas l\u00e0 o\u00f9 je suis aujourd&rsquo;hui.<\/p>\n<p>J&rsquo;ai appris que plus je reste devant la t\u00e9l\u00e9, plus je me sens mal, alors je reste active. J&rsquo;aime profiter pleinement de la vie &#8211; ma nouvelle famille \u00e9largie, mes amis, les voyages et l&rsquo;exercice physique. Je joue au bowling et au golf &#8211; et j&rsquo;ai des photos qui prouvent que l&rsquo;on PEUT jouer au golf avec des attelles. Je vous souhaite de d\u00e9couvrir tout ce que vous pouvez accomplir.<\/p>\n<\/div>\n\t\t\t\t<\/div>\n\t\t\t\t\t\t\t\t<\/div>\n\t\t\t\t\t\t<\/div>\n\t\t\t\t<\/div>\n\t\t\t\t\t<\/div>\n\t\t\t\t<\/div>\n\t\t\t\t<\/div>\n\t\t","protected":false},"excerpt":{"rendered":"<p>Barb d\u00e9crit son parcours \u00e0 travers une aggravation soudaine de la gravit\u00e9 de la polyarthrite rhumato\u00efde et des solutions \u00e9volutives pour rester motiv\u00e9e, bouger et apprendre. Ses d\u00e9couvertes incluent la valeur cognitive et de gu\u00e9rison sociale des groupes de soutien et du b\u00e9n\u00e9volat. <\/p>\n","protected":false},"author":1,"featured_media":4225,"comment_status":"closed","ping_status":"closed","sticky":false,"template":"","format":"standard","meta":{"give_campaign_id":0,"site-sidebar-layout":"default","site-content-layout":"","ast-site-content-layout":"default","site-content-style":"default","site-sidebar-style":"default","ast-global-header-display":"","ast-banner-title-visibility":"","ast-main-header-display":"","ast-hfb-above-header-display":"","ast-hfb-below-header-display":"","ast-hfb-mobile-header-display":"","site-post-title":"","ast-breadcrumbs-content":"","ast-featured-img":"","footer-sml-layout":"","ast-disable-related-posts":"","theme-transparent-header-meta":"","adv-header-id-meta":"","stick-header-meta":"","header-above-stick-meta":"","header-main-stick-meta":"","header-below-stick-meta":"","astra-migrate-meta-layouts":"default","ast-page-background-enabled":"default","ast-page-background-meta":{"desktop":{"background-color":"","background-image":"","background-repeat":"repeat","background-position":"center center","background-size":"auto","background-attachment":"scroll","background-type":"","background-media":"","overlay-type":"","overlay-color":"","overlay-opacity":"","overlay-gradient":""},"tablet":{"background-color":"","background-image":"","background-repeat":"repeat","background-position":"center center","background-size":"auto","background-attachment":"scroll","background-type":"","background-media":"","overlay-type":"","overlay-color":"","overlay-opacity":"","overlay-gradient":""},"mobile":{"background-color":"","background-image":"","background-repeat":"repeat","background-position":"center center","background-size":"auto","background-attachment":"scroll","background-type":"","background-media":"","overlay-type":"","overlay-color":"","overlay-opacity":"","overlay-gradient":""}},"ast-content-background-meta":{"desktop":{"background-color":"var(--ast-global-color-5)","background-image":"","background-repeat":"repeat","background-position":"center center","background-size":"auto","background-attachment":"scroll","background-type":"","background-media":"","overlay-type":"","overlay-color":"","overlay-opacity":"","overlay-gradient":""},"tablet":{"background-color":"var(--ast-global-color-5)","background-image":"","background-repeat":"repeat","background-position":"center center","background-size":"auto","background-attachment":"scroll","background-type":"","background-media":"","overlay-type":"","overlay-color":"","overlay-opacity":"","overlay-gradient":""},"mobile":{"background-color":"var(--ast-global-color-5)","background-image":"","background-repeat":"repeat","background-position":"center center","background-size":"auto","background-attachment":"scroll","background-type":"","background-media":"","overlay-type":"","overlay-color":"","overlay-opacity":"","overlay-gradient":""}},"footnotes":""},"categories":[29],"tags":[],"class_list":["post-4062","post","type-post","status-publish","format-standard","has-post-thumbnail","hentry","category-histoires-partagees"],"yoast_head":"<!-- This site is optimized with the Yoast SEO plugin v27.3 - https:\/\/yoast.com\/product\/yoast-seo-wordpress\/ -->\n<title>L&#039;histoire de Barb - AWISH<\/title>\n<meta name=\"robots\" content=\"index, follow, max-snippet:-1, max-image-preview:large, max-video-preview:-1\" \/>\n<link rel=\"canonical\" href=\"https:\/\/awishmontreal.org\/fr\/2023\/11\/21\/lhistoire-de-barb\/\" \/>\n<meta property=\"og:locale\" content=\"fr_FR\" \/>\n<meta property=\"og:type\" content=\"article\" \/>\n<meta property=\"og:title\" content=\"L&#039;histoire de Barb - AWISH\" \/>\n<meta property=\"og:description\" content=\"Barb d\u00e9crit son parcours \u00e0 travers une aggravation soudaine de la gravit\u00e9 de la polyarthrite rhumato\u00efde et des solutions \u00e9volutives pour rester motiv\u00e9e, bouger et apprendre. Ses d\u00e9couvertes incluent la valeur cognitive et de gu\u00e9rison sociale des groupes de soutien et du b\u00e9n\u00e9volat.\" \/>\n<meta property=\"og:url\" content=\"https:\/\/awishmontreal.org\/fr\/2023\/11\/21\/lhistoire-de-barb\/\" \/>\n<meta property=\"og:site_name\" content=\"AWISH\" \/>\n<meta property=\"article:publisher\" content=\"https:\/\/www.facebook.com\/profile.php?id=100069131421005&amp;ref=hl\" \/>\n<meta property=\"article:published_time\" content=\"2023-11-21T22:12:07+00:00\" \/>\n<meta property=\"article:modified_time\" content=\"2024-07-13T20:09:06+00:00\" \/>\n<meta property=\"og:image\" content=\"https:\/\/awishmontreal.org\/wp-content\/uploads\/2023\/11\/image169.jpeg\" \/>\n\t<meta property=\"og:image:width\" content=\"2048\" \/>\n\t<meta property=\"og:image:height\" content=\"1599\" \/>\n\t<meta property=\"og:image:type\" content=\"image\/jpeg\" \/>\n<meta name=\"author\" content=\"awish\" \/>\n<meta name=\"twitter:card\" content=\"summary_large_image\" \/>\n<meta name=\"twitter:label1\" content=\"\u00c9crit par\" \/>\n\t<meta name=\"twitter:data1\" content=\"awish\" \/>\n\t<meta name=\"twitter:label2\" content=\"Dur\u00e9e de lecture estim\u00e9e\" \/>\n\t<meta name=\"twitter:data2\" content=\"6 minutes\" \/>\n<script type=\"application\/ld+json\" class=\"yoast-schema-graph\">{\"@context\":\"https:\\\/\\\/schema.org\",\"@graph\":[{\"@type\":\"Article\",\"@id\":\"https:\\\/\\\/awishmontreal.org\\\/fr\\\/2023\\\/11\\\/21\\\/lhistoire-de-barb\\\/#article\",\"isPartOf\":{\"@id\":\"https:\\\/\\\/awishmontreal.org\\\/fr\\\/2023\\\/11\\\/21\\\/lhistoire-de-barb\\\/\"},\"author\":{\"name\":\"awish\",\"@id\":\"https:\\\/\\\/awishmontreal.org\\\/#\\\/schema\\\/person\\\/5238f57b86ff974da6d3765834e95054\"},\"headline\":\"L&rsquo;histoire de Barb\",\"datePublished\":\"2023-11-21T22:12:07+00:00\",\"dateModified\":\"2024-07-13T20:09:06+00:00\",\"mainEntityOfPage\":{\"@id\":\"https:\\\/\\\/awishmontreal.org\\\/fr\\\/2023\\\/11\\\/21\\\/lhistoire-de-barb\\\/\"},\"wordCount\":1353,\"publisher\":{\"@id\":\"https:\\\/\\\/awishmontreal.org\\\/#organization\"},\"image\":{\"@id\":\"https:\\\/\\\/awishmontreal.org\\\/fr\\\/2023\\\/11\\\/21\\\/lhistoire-de-barb\\\/#primaryimage\"},\"thumbnailUrl\":\"https:\\\/\\\/awishmontreal.org\\\/wp-content\\\/uploads\\\/2023\\\/11\\\/image169.jpeg\",\"articleSection\":[\"Histoires partag\u00e9es\"],\"inLanguage\":\"fr-FR\"},{\"@type\":\"WebPage\",\"@id\":\"https:\\\/\\\/awishmontreal.org\\\/fr\\\/2023\\\/11\\\/21\\\/lhistoire-de-barb\\\/\",\"url\":\"https:\\\/\\\/awishmontreal.org\\\/fr\\\/2023\\\/11\\\/21\\\/lhistoire-de-barb\\\/\",\"name\":\"L'histoire de Barb - AWISH\",\"isPartOf\":{\"@id\":\"https:\\\/\\\/awishmontreal.org\\\/#website\"},\"primaryImageOfPage\":{\"@id\":\"https:\\\/\\\/awishmontreal.org\\\/fr\\\/2023\\\/11\\\/21\\\/lhistoire-de-barb\\\/#primaryimage\"},\"image\":{\"@id\":\"https:\\\/\\\/awishmontreal.org\\\/fr\\\/2023\\\/11\\\/21\\\/lhistoire-de-barb\\\/#primaryimage\"},\"thumbnailUrl\":\"https:\\\/\\\/awishmontreal.org\\\/wp-content\\\/uploads\\\/2023\\\/11\\\/image169.jpeg\",\"datePublished\":\"2023-11-21T22:12:07+00:00\",\"dateModified\":\"2024-07-13T20:09:06+00:00\",\"breadcrumb\":{\"@id\":\"https:\\\/\\\/awishmontreal.org\\\/fr\\\/2023\\\/11\\\/21\\\/lhistoire-de-barb\\\/#breadcrumb\"},\"inLanguage\":\"fr-FR\",\"potentialAction\":[{\"@type\":\"ReadAction\",\"target\":[\"https:\\\/\\\/awishmontreal.org\\\/fr\\\/2023\\\/11\\\/21\\\/lhistoire-de-barb\\\/\"]}]},{\"@type\":\"ImageObject\",\"inLanguage\":\"fr-FR\",\"@id\":\"https:\\\/\\\/awishmontreal.org\\\/fr\\\/2023\\\/11\\\/21\\\/lhistoire-de-barb\\\/#primaryimage\",\"url\":\"https:\\\/\\\/awishmontreal.org\\\/wp-content\\\/uploads\\\/2023\\\/11\\\/image169.jpeg\",\"contentUrl\":\"https:\\\/\\\/awishmontreal.org\\\/wp-content\\\/uploads\\\/2023\\\/11\\\/image169.jpeg\",\"width\":2048,\"height\":1599,\"caption\":\"Barb Chartrand\"},{\"@type\":\"BreadcrumbList\",\"@id\":\"https:\\\/\\\/awishmontreal.org\\\/fr\\\/2023\\\/11\\\/21\\\/lhistoire-de-barb\\\/#breadcrumb\",\"itemListElement\":[{\"@type\":\"ListItem\",\"position\":1,\"name\":\"Home\",\"item\":\"https:\\\/\\\/awishmontreal.org\\\/\"},{\"@type\":\"ListItem\",\"position\":2,\"name\":\"L&rsquo;histoire de Barb\"}]},{\"@type\":\"WebSite\",\"@id\":\"https:\\\/\\\/awishmontreal.org\\\/#website\",\"url\":\"https:\\\/\\\/awishmontreal.org\\\/\",\"name\":\"AWISH\",\"description\":\"\",\"publisher\":{\"@id\":\"https:\\\/\\\/awishmontreal.org\\\/#organization\"},\"potentialAction\":[{\"@type\":\"SearchAction\",\"target\":{\"@type\":\"EntryPoint\",\"urlTemplate\":\"https:\\\/\\\/awishmontreal.org\\\/?s={search_term_string}\"},\"query-input\":{\"@type\":\"PropertyValueSpecification\",\"valueRequired\":true,\"valueName\":\"search_term_string\"}}],\"inLanguage\":\"fr-FR\"},{\"@type\":\"Organization\",\"@id\":\"https:\\\/\\\/awishmontreal.org\\\/#organization\",\"name\":\"AWISH\",\"url\":\"https:\\\/\\\/awishmontreal.org\\\/\",\"logo\":{\"@type\":\"ImageObject\",\"inLanguage\":\"fr-FR\",\"@id\":\"https:\\\/\\\/awishmontreal.org\\\/#\\\/schema\\\/logo\\\/image\\\/\",\"url\":\"https:\\\/\\\/awishmontreal.org\\\/wp-content\\\/uploads\\\/2023\\\/10\\\/cropped-FCP_LOGO_approved_rev-e1698357534241-1.png\",\"contentUrl\":\"https:\\\/\\\/awishmontreal.org\\\/wp-content\\\/uploads\\\/2023\\\/10\\\/cropped-FCP_LOGO_approved_rev-e1698357534241-1.png\",\"width\":602,\"height\":285,\"caption\":\"AWISH\"},\"image\":{\"@id\":\"https:\\\/\\\/awishmontreal.org\\\/#\\\/schema\\\/logo\\\/image\\\/\"},\"sameAs\":[\"https:\\\/\\\/www.facebook.com\\\/profile.php?id=100069131421005&ref=hl\"]},{\"@type\":\"Person\",\"@id\":\"https:\\\/\\\/awishmontreal.org\\\/#\\\/schema\\\/person\\\/5238f57b86ff974da6d3765834e95054\",\"name\":\"awish\",\"image\":{\"@type\":\"ImageObject\",\"inLanguage\":\"fr-FR\",\"@id\":\"https:\\\/\\\/secure.gravatar.com\\\/avatar\\\/4d664c83d6c4d839e8f85d6197df97fbb5128b034b94b8264997d62c60e0bd66?s=96&d=mm&r=g\",\"url\":\"https:\\\/\\\/secure.gravatar.com\\\/avatar\\\/4d664c83d6c4d839e8f85d6197df97fbb5128b034b94b8264997d62c60e0bd66?s=96&d=mm&r=g\",\"contentUrl\":\"https:\\\/\\\/secure.gravatar.com\\\/avatar\\\/4d664c83d6c4d839e8f85d6197df97fbb5128b034b94b8264997d62c60e0bd66?s=96&d=mm&r=g\",\"caption\":\"awish\"},\"sameAs\":[\"https:\\\/\\\/awishmontreal.org\"],\"url\":\"https:\\\/\\\/awishmontreal.org\\\/fr\\\/author\\\/awish\\\/\"}]}<\/script>\n<!-- \/ Yoast SEO plugin. -->","yoast_head_json":{"title":"L'histoire de Barb - AWISH","robots":{"index":"index","follow":"follow","max-snippet":"max-snippet:-1","max-image-preview":"max-image-preview:large","max-video-preview":"max-video-preview:-1"},"canonical":"https:\/\/awishmontreal.org\/fr\/2023\/11\/21\/lhistoire-de-barb\/","og_locale":"fr_FR","og_type":"article","og_title":"L'histoire de Barb - AWISH","og_description":"Barb d\u00e9crit son parcours \u00e0 travers une aggravation soudaine de la gravit\u00e9 de la polyarthrite rhumato\u00efde et des solutions \u00e9volutives pour rester motiv\u00e9e, bouger et apprendre. Ses d\u00e9couvertes incluent la valeur cognitive et de gu\u00e9rison sociale des groupes de soutien et du b\u00e9n\u00e9volat.","og_url":"https:\/\/awishmontreal.org\/fr\/2023\/11\/21\/lhistoire-de-barb\/","og_site_name":"AWISH","article_publisher":"https:\/\/www.facebook.com\/profile.php?id=100069131421005&ref=hl","article_published_time":"2023-11-21T22:12:07+00:00","article_modified_time":"2024-07-13T20:09:06+00:00","og_image":[{"width":2048,"height":1599,"url":"https:\/\/awishmontreal.org\/wp-content\/uploads\/2023\/11\/image169.jpeg","type":"image\/jpeg"}],"author":"awish","twitter_card":"summary_large_image","twitter_misc":{"\u00c9crit par":"awish","Dur\u00e9e de lecture estim\u00e9e":"6 minutes"},"schema":{"@context":"https:\/\/schema.org","@graph":[{"@type":"Article","@id":"https:\/\/awishmontreal.org\/fr\/2023\/11\/21\/lhistoire-de-barb\/#article","isPartOf":{"@id":"https:\/\/awishmontreal.org\/fr\/2023\/11\/21\/lhistoire-de-barb\/"},"author":{"name":"awish","@id":"https:\/\/awishmontreal.org\/#\/schema\/person\/5238f57b86ff974da6d3765834e95054"},"headline":"L&rsquo;histoire de Barb","datePublished":"2023-11-21T22:12:07+00:00","dateModified":"2024-07-13T20:09:06+00:00","mainEntityOfPage":{"@id":"https:\/\/awishmontreal.org\/fr\/2023\/11\/21\/lhistoire-de-barb\/"},"wordCount":1353,"publisher":{"@id":"https:\/\/awishmontreal.org\/#organization"},"image":{"@id":"https:\/\/awishmontreal.org\/fr\/2023\/11\/21\/lhistoire-de-barb\/#primaryimage"},"thumbnailUrl":"https:\/\/awishmontreal.org\/wp-content\/uploads\/2023\/11\/image169.jpeg","articleSection":["Histoires partag\u00e9es"],"inLanguage":"fr-FR"},{"@type":"WebPage","@id":"https:\/\/awishmontreal.org\/fr\/2023\/11\/21\/lhistoire-de-barb\/","url":"https:\/\/awishmontreal.org\/fr\/2023\/11\/21\/lhistoire-de-barb\/","name":"L'histoire de Barb - AWISH","isPartOf":{"@id":"https:\/\/awishmontreal.org\/#website"},"primaryImageOfPage":{"@id":"https:\/\/awishmontreal.org\/fr\/2023\/11\/21\/lhistoire-de-barb\/#primaryimage"},"image":{"@id":"https:\/\/awishmontreal.org\/fr\/2023\/11\/21\/lhistoire-de-barb\/#primaryimage"},"thumbnailUrl":"https:\/\/awishmontreal.org\/wp-content\/uploads\/2023\/11\/image169.jpeg","datePublished":"2023-11-21T22:12:07+00:00","dateModified":"2024-07-13T20:09:06+00:00","breadcrumb":{"@id":"https:\/\/awishmontreal.org\/fr\/2023\/11\/21\/lhistoire-de-barb\/#breadcrumb"},"inLanguage":"fr-FR","potentialAction":[{"@type":"ReadAction","target":["https:\/\/awishmontreal.org\/fr\/2023\/11\/21\/lhistoire-de-barb\/"]}]},{"@type":"ImageObject","inLanguage":"fr-FR","@id":"https:\/\/awishmontreal.org\/fr\/2023\/11\/21\/lhistoire-de-barb\/#primaryimage","url":"https:\/\/awishmontreal.org\/wp-content\/uploads\/2023\/11\/image169.jpeg","contentUrl":"https:\/\/awishmontreal.org\/wp-content\/uploads\/2023\/11\/image169.jpeg","width":2048,"height":1599,"caption":"Barb Chartrand"},{"@type":"BreadcrumbList","@id":"https:\/\/awishmontreal.org\/fr\/2023\/11\/21\/lhistoire-de-barb\/#breadcrumb","itemListElement":[{"@type":"ListItem","position":1,"name":"Home","item":"https:\/\/awishmontreal.org\/"},{"@type":"ListItem","position":2,"name":"L&rsquo;histoire de Barb"}]},{"@type":"WebSite","@id":"https:\/\/awishmontreal.org\/#website","url":"https:\/\/awishmontreal.org\/","name":"AWISH","description":"","publisher":{"@id":"https:\/\/awishmontreal.org\/#organization"},"potentialAction":[{"@type":"SearchAction","target":{"@type":"EntryPoint","urlTemplate":"https:\/\/awishmontreal.org\/?s={search_term_string}"},"query-input":{"@type":"PropertyValueSpecification","valueRequired":true,"valueName":"search_term_string"}}],"inLanguage":"fr-FR"},{"@type":"Organization","@id":"https:\/\/awishmontreal.org\/#organization","name":"AWISH","url":"https:\/\/awishmontreal.org\/","logo":{"@type":"ImageObject","inLanguage":"fr-FR","@id":"https:\/\/awishmontreal.org\/#\/schema\/logo\/image\/","url":"https:\/\/awishmontreal.org\/wp-content\/uploads\/2023\/10\/cropped-FCP_LOGO_approved_rev-e1698357534241-1.png","contentUrl":"https:\/\/awishmontreal.org\/wp-content\/uploads\/2023\/10\/cropped-FCP_LOGO_approved_rev-e1698357534241-1.png","width":602,"height":285,"caption":"AWISH"},"image":{"@id":"https:\/\/awishmontreal.org\/#\/schema\/logo\/image\/"},"sameAs":["https:\/\/www.facebook.com\/profile.php?id=100069131421005&ref=hl"]},{"@type":"Person","@id":"https:\/\/awishmontreal.org\/#\/schema\/person\/5238f57b86ff974da6d3765834e95054","name":"awish","image":{"@type":"ImageObject","inLanguage":"fr-FR","@id":"https:\/\/secure.gravatar.com\/avatar\/4d664c83d6c4d839e8f85d6197df97fbb5128b034b94b8264997d62c60e0bd66?s=96&d=mm&r=g","url":"https:\/\/secure.gravatar.com\/avatar\/4d664c83d6c4d839e8f85d6197df97fbb5128b034b94b8264997d62c60e0bd66?s=96&d=mm&r=g","contentUrl":"https:\/\/secure.gravatar.com\/avatar\/4d664c83d6c4d839e8f85d6197df97fbb5128b034b94b8264997d62c60e0bd66?s=96&d=mm&r=g","caption":"awish"},"sameAs":["https:\/\/awishmontreal.org"],"url":"https:\/\/awishmontreal.org\/fr\/author\/awish\/"}]}},"_links":{"self":[{"href":"https:\/\/awishmontreal.org\/fr\/wp-json\/wp\/v2\/posts\/4062","targetHints":{"allow":["GET"]}}],"collection":[{"href":"https:\/\/awishmontreal.org\/fr\/wp-json\/wp\/v2\/posts"}],"about":[{"href":"https:\/\/awishmontreal.org\/fr\/wp-json\/wp\/v2\/types\/post"}],"author":[{"embeddable":true,"href":"https:\/\/awishmontreal.org\/fr\/wp-json\/wp\/v2\/users\/1"}],"replies":[{"embeddable":true,"href":"https:\/\/awishmontreal.org\/fr\/wp-json\/wp\/v2\/comments?post=4062"}],"version-history":[{"count":2,"href":"https:\/\/awishmontreal.org\/fr\/wp-json\/wp\/v2\/posts\/4062\/revisions"}],"predecessor-version":[{"id":7075,"href":"https:\/\/awishmontreal.org\/fr\/wp-json\/wp\/v2\/posts\/4062\/revisions\/7075"}],"wp:featuredmedia":[{"embeddable":true,"href":"https:\/\/awishmontreal.org\/fr\/wp-json\/wp\/v2\/media\/4225"}],"wp:attachment":[{"href":"https:\/\/awishmontreal.org\/fr\/wp-json\/wp\/v2\/media?parent=4062"}],"wp:term":[{"taxonomy":"category","embeddable":true,"href":"https:\/\/awishmontreal.org\/fr\/wp-json\/wp\/v2\/categories?post=4062"},{"taxonomy":"post_tag","embeddable":true,"href":"https:\/\/awishmontreal.org\/fr\/wp-json\/wp\/v2\/tags?post=4062"}],"curies":[{"name":"wp","href":"https:\/\/api.w.org\/{rel}","templated":true}]}}